{"id":191381,"date":"2026-03-26T14:45:00","date_gmt":"2026-03-26T13:45:00","guid":{"rendered":"https:\/\/cms-articles.softonic.io\/es\/?p=414634"},"modified":"2026-03-26T15:08:35","modified_gmt":"2026-03-26T14:08:35","slug":"denzel-washington-a-remporte-un-oscar-pour-un-film-aujourdhui-oublie-que-vous-pouvez-regarder-en-streaming","status":"publish","type":"post","link":"https:\/\/cms-articles.softonic.io\/fr\/denzel-washington-a-remporte-un-oscar-pour-un-film-aujourdhui-oublie-que-vous-pouvez-regarder-en-streaming\/","title":{"rendered":"Denzel Washington a remport\u00e9 un Oscar pour un film aujourd&#039;hui oubli\u00e9 que vous pouvez regarder en streaming"},"content":{"rendered":"\n<p class=\"wp-block-paragraph\">Denzel Washington, acteur reconnu d&#8217;Hollywood pour son travail dans des films embl\u00e9matiques comme The Equalizer et Fences, a propuls\u00e9 sa carri\u00e8re au sommet avec son interpr\u00e9tation dans le film historique Les \u00c9vad\u00e9s (Glory) en 1989. Cette production cin\u00e9matographique, r\u00e9alis\u00e9e par Edward Zwick, aborde <strong>la lutte pour l&#8217;\u00e9galit\u00e9 raciale dans le contexte de l&#8217;arm\u00e9e pendant la Guerre Civile des \u00c9tats-Unis, en se concentrant sur le 54\u00e8me r\u00e9giment d&#8217;infanterie, compos\u00e9 de soldats afro-am\u00e9ricains<\/strong>.<\/p>\n\n\n<h2 class=\"wp-block-heading\">Un film qui a propuls\u00e9 Denzel Washington au sommet<\/h2>\n\n\n<p class=\"wp-block-paragraph\">Dans \u00ab\u00a0Les Temps de la gloire\u00a0\u00bb, Washington incarne Trip, un esclave fugitif qui au d\u00e9part refuse de se battre pour les id\u00e9aux d&#8217;une nation qui l&#8217;a historiquement d\u00e9shumanis\u00e9. \u00c0 ses c\u00f4t\u00e9s, <strong>Matthew Broderick interpr\u00e8te l&#8217;officier nordiste Robert Gould Shaw, qui re\u00e7oit la mission de diriger le r\u00e9giment et de faire face \u00e0 la r\u00e9sistance de ses camarades, qui voient les Afro-Am\u00e9ricains comme de simples ouvriers et non comme des soldats comp\u00e9tents<\/strong>. Shaw, cependant, devient un fervent d\u00e9fenseur de l&#8217;\u00e9galit\u00e9 et cherche \u00e0 prouver que les Afro-Am\u00e9ricains peuvent se battre avec le m\u00eame courage que leurs homologues blancs.<\/p>\n\n\n<figure class=\"wp-block-embed is-type-video is-provider-youtube wp-block-embed-youtube wp-embed-aspect-16-9 wp-has-aspect-ratio\"><div class=\"wp-block-embed__wrapper\">\n<iframe loading=\"lazy\" title=\"GLORY [1989] \u2013 Official Trailer (HD)\" width=\"840\" height=\"473\" src=\"https:\/\/www.youtube.com\/embed\/-OS-OE1EcHI?feature=oembed\" frameborder=\"0\" allow=\"accelerometer; autoplay; clipboard-write; encrypted-media; gyroscope; picture-in-picture; web-share\" referrerpolicy=\"strict-origin-when-cross-origin\" allowfullscreen><\/iframe>\n<\/div><\/figure>\n\n\n<p class=\"wp-block-paragraph\">Malgr\u00e9 avoir re\u00e7u l&#8217;Oscar du Meilleur Acteur dans un R\u00f4le Secondaire pour sa performance, Tiempos de gloria est tomb\u00e9 dans l&#8217;oubli au fil des ans. Cependant, <strong>sa pertinence et son puissant message sur l&#8217;\u00e9galit\u00e9 et le courage en temps de guerre ont conduit les critiques et les spectateurs \u00e0 sugg\u00e9rer de red\u00e9couvrir ce chef-d&#8217;\u0153uvre<\/strong>. La direction de Zwick, connue pour cr\u00e9er des exp\u00e9riences visuelles percutantes, se manifeste dans le r\u00e9cit puissant de cette histoire.<\/p>\n\n\n<p class=\"wp-block-paragraph\">Actuellement, Tiempos de gloria est disponible \u00e0 la vision sur la plateforme Filmin, <strong>offrant aux nouvelles g\u00e9n\u00e9rations l&#8217;opportunit\u00e9 d&#8217;explorer une narration qui r\u00e9sonne avec des th\u00e8mes actuels de justice sociale et raciale<\/strong>.<\/p>\n\n<div class=\"sc-card-program\">\r\n  <div class=\"sc-card-program__body\">\r\n    <div class=\"sc-card-program__row clearfix\">\r\n      <div class=\"sc-card-program__col-logo\">\r\n        <img decoding=\"async\" class=\"sc-card-program__img\" src=\"https:\/\/images.sftcdn.net\/images\/t_app-icon-m\/p\/4d52f7b8-f5a9-4cf3-9ab5-a6911bcf82e1\/2867700336\/filmin-logo\" alt=\"Filmin\" width=\"100px\" height=\"100px\">\r\n      <\/div>\r\n      <div class=\"sc-card-program__col-title\">\r\n        <span class=\"sc-card-program__title\">Filmin<\/span>\r\n        <a class=\"sc-card-program__button sc-card-program-internal\" href=\"https:\/\/filmin.softonic.com\/\" target=\"_self\" rel=\"noopener noreferrer\">T\u00e9l\u00e9charger<\/a>\r\n      <\/div>\r\n      <div class=\"sc-card-program__col-rating\">\r\n        \r\n      <\/div>\r\n    <\/div>\r\n    <div class=\"sc-card-program__row\">\r\n      <span class=\"sc-card-program__description\"><\/span>\r\n    <\/div>\r\n    <div class=\"sc-card-program__row\">\r\n      <img decoding=\"async\" class=\"sc-card-program__bigpic\" src=\"\">\r\n    <\/div>\r\n    <a class=\"sc-card-program__link track-link sc-card-program-internal\" href=\"https:\/\/filmin.softonic.com\/\" target=\"_self\" rel=\"noopener noreferrer\"><\/a>\r\n  <\/div>\r\n<\/div>\n","protected":false},"excerpt":{"rendered":"<p>Denzel Washington, acteur reconnu d&#8217;Hollywood pour son travail dans des films embl\u00e9matiques comme The Equalizer et Fences, a propuls\u00e9 sa carri\u00e8re vers la c\u00e9l\u00e9brit\u00e9 avec son interpr\u00e9tation dans le film historique Les \u00c9vad\u00e9s (Glory) en 1989. Cette production cin\u00e9matographique, r\u00e9alis\u00e9e par Edward Zwick, aborde la lutte pour l&#8217;\u00e9galit\u00e9 raciale dans le contexte de l&#8217;arm\u00e9e pendant la Guerre Civile des \u00c9tats-Unis, en se concentrant sur le 54\u00e8me r\u00e9giment d&#8217;infanterie, compos\u00e9 de soldats afro-am\u00e9ricains. Un film qui a propuls\u00e9 Denzel Washington vers la c\u00e9l\u00e9brit\u00e9 Dans Les \u00c9vad\u00e9s, Washington incarne Trip, un esclave fugitif qui au d\u00e9part r\u00e9siste \u00e0 se battre pour [&hellip;]<\/p>\n","protected":false},"author":9318,"featured_media":191382,"comment_status":"closed","ping_status":"closed","sticky":false,"template":"","format":"standard","meta":{"footnotes":"","wpcf-pageviews":0},"categories":[16761],"tags":[35317,22772,35318,35319,35320,35321,35322,35323,35324],"usertag":[],"vertical":[],"content-category":[18130],"class_list":["post-191381","post","type-post","status-publish","format-standard","has-post-thumbnail","hentry","category-news","tag-54o-regimiento-de-infanteria","tag-denzel-washington","tag-glory","tag-guerra-civil-de-estados-unidos","tag-igualdad-racial","tag-interpretacion","tag-justicia-social","tag-peliculas-emblematicas","tag-tiempos-de-gloria","content-category-streaming-videos"],"aioseo_notices":[],"_links":{"self":[{"href":"https:\/\/cms-articles.softonic.io\/fr\/wp-json\/wp\/v2\/posts\/191381","targetHints":{"allow":["GET"]}}],"collection":[{"href":"https:\/\/cms-articles.softonic.io\/fr\/wp-json\/wp\/v2\/posts"}],"about":[{"href":"https:\/\/cms-articles.softonic.io\/fr\/wp-json\/wp\/v2\/types\/post"}],"author":[{"embeddable":true,"href":"https:\/\/cms-articles.softonic.io\/fr\/wp-json\/wp\/v2\/users\/9318"}],"replies":[{"embeddable":true,"href":"https:\/\/cms-articles.softonic.io\/fr\/wp-json\/wp\/v2\/comments?post=191381"}],"version-history":[{"count":2,"href":"https:\/\/cms-articles.softonic.io\/fr\/wp-json\/wp\/v2\/posts\/191381\/revisions"}],"predecessor-version":[{"id":191395,"href":"https:\/\/cms-articles.softonic.io\/fr\/wp-json\/wp\/v2\/posts\/191381\/revisions\/191395"}],"wp:featuredmedia":[{"embeddable":true,"href":"https:\/\/cms-articles.softonic.io\/fr\/wp-json\/wp\/v2\/media\/191382"}],"wp:attachment":[{"href":"https:\/\/cms-articles.softonic.io\/fr\/wp-json\/wp\/v2\/media?parent=191381"}],"wp:term":[{"taxonomy":"category","embeddable":true,"href":"https:\/\/cms-articles.softonic.io\/fr\/wp-json\/wp\/v2\/categories?post=191381"},{"taxonomy":"post_tag","embeddable":true,"href":"https:\/\/cms-articles.softonic.io\/fr\/wp-json\/wp\/v2\/tags?post=191381"},{"taxonomy":"usertag","embeddable":true,"href":"https:\/\/cms-articles.softonic.io\/fr\/wp-json\/wp\/v2\/usertag?post=191381"},{"taxonomy":"vertical","embeddable":true,"href":"https:\/\/cms-articles.softonic.io\/fr\/wp-json\/wp\/v2\/vertical?post=191381"},{"taxonomy":"content-category","embeddable":true,"href":"https:\/\/cms-articles.softonic.io\/fr\/wp-json\/wp\/v2\/content-category?post=191381"}],"curies":[{"name":"wp","href":"https:\/\/api.w.org\/{rel}","templated":true}]}}