{"id":200716,"date":"2026-08-24T11:12:00","date_gmt":"2026-08-24T10:12:00","guid":{"rendered":"https:\/\/cms-articles.softonic.io\/fr\/?p=200716"},"modified":"2026-08-24T11:12:03","modified_gmt":"2026-08-24T10:12:03","slug":"the-event-stephen-king-remet-en-avant-la-serie-sf-de-nbc-annulee-apres-une-saison","status":"publish","type":"post","link":"https:\/\/cms-articles.softonic.io\/fr\/the-event-stephen-king-remet-en-avant-la-serie-sf-de-nbc-annulee-apres-une-saison\/","title":{"rendered":"The Event : Stephen King remet en avant la s\u00e9rie SF de NBC annul\u00e9e apr\u00e8s une saison"},"content":{"rendered":"<p class=\"wp-block-paragraph\">En <strong>2010<\/strong>, <a href=\"https:\/\/fr.softonic.com\/articles\/une-adaptation-cinematographique-de-stephen-king-de-2019-fait-sensation-sur-netflix\" rel=\"noopener\">Stephen King<\/a> rangeait <em>The Event<\/em>, le thriller de science-fiction lanc\u00e9 par NBC le 20 septembre 2010, parmi les 10 meilleures s\u00e9ries de l\u2019ann\u00e9e. Et ce, alors que la s\u00e9rie racontait la traque men\u00e9e par Sean Walker pour retrouver sa fianc\u00e9e disparue, avec derri\u00e8re cette qu\u00eate un secret d\u2019\u00c9tat et une pr\u00e9sence extraterrestre. Quelques mois plus tard, en mai 2011, NBC l\u2019annulait pourtant au bout d\u2019une seule saison.<\/p>\n\n<p class=\"wp-block-paragraph\">\u00c0 partir du <strong>20 septembre 2010<\/strong>, <em>The Event<\/em> suivait donc Sean Walker, lanc\u00e9 \u00e0 la recherche de sa compagne disparue. Tr\u00e8s vite, l\u2019intrigue d\u00e9bordait largement le simple thriller intime: il \u00e9tait question d\u2019un secret gouvernemental et d\u2019une pr\u00e9sence extraterrestre que les autorit\u00e9s am\u00e9ricaines cachaient depuis le crash d\u2019un appareil survenu en Alaska en 1944.<\/p>\n\n<p class=\"wp-block-paragraph\">\u00c0 ce moment-l\u00e0, <em>The Event<\/em> faisait clairement partie des nouveaut\u00e9s dont tout le monde parlait pendant la rentr\u00e9e t\u00e9l\u00e9 am\u00e9ricaine.<\/p>\n\n<p class=\"wp-block-paragraph\">L\u2019id\u00e9e, sur le papier, tenait en quelques lignes. L\u2019ex\u00e9cution, elle, voyait beaucoup plus grand: pendant que Sean Walker essaie de comprendre ce qui est arriv\u00e9 \u00e0 Leila, le pr\u00e9sident Elias Martinez se retrouve face \u00e0 une <strong>conspiration de grande ampleur<\/strong>, li\u00e9e \u00e0 des extraterrestres retenus secr\u00e8tement par le gouvernement am\u00e9ricain. Stephen King parlait d\u2019une s\u00e9rie \u00ab intelligente \u00bb et \u00ab pleine de suspense \u00bb. Il mettait aussi en avant les prestations de Jason Ritter et de Laura Innes.<\/p>\n\n<p class=\"wp-block-paragraph\">La s\u00e9rie reposait sur une <strong>narration ultra s\u00e9rialis\u00e9e<\/strong>, charg\u00e9e de flashbacks, de temporalit\u00e9s multiples et d\u2019un montage volontairement \u00e9clat\u00e9.<\/p>\n\n<p class=\"wp-block-paragraph\">C\u2019est ce qui explique qu\u2019on l\u2019ait souvent rapproch\u00e9e de <em>24 heures chrono<\/em> pour son efficacit\u00e9 nerveuse, et de <em><a href=\"https:\/\/fr.softonic.com\/articles\/il-ne-reste-plus-rien-avant-le-retour-de-la-serie-espagnole-de-science-fiction-qui-a-ete-comparee-a-lost\" rel=\"noopener\">Lost<\/a><\/em> pour son go\u00fbt du myst\u00e8re. Au casting, on retrouvait Jason Ritter dans la peau de Sean Walker, Blair Underwood en pr\u00e9sident Elias Martinez, Laura Innes en Sophia Maguire, personnage central du camp extraterrestre, ainsi que Sarah Roemer dans le r\u00f4le de Leila. Vu de loin, NBC avait l\u00e0 un programme taill\u00e9 pour attirer \u00e0 la fois les amateurs de thrillers et le public friand de science-fiction grand format.<\/p>\n\n<p class=\"wp-block-paragraph\">Le d\u00e9marrage, d\u2019ailleurs, avait \u00e9t\u00e9 solide: selon NBC, le premier \u00e9pisode avait r\u00e9uni <strong>10,9 millions<\/strong> de t\u00e9l\u00e9spectateurs. Puis l\u2019audience a gliss\u00e9, semaine apr\u00e8s semaine, sans jamais vraiment se stabiliser.<\/p>\n\n<p class=\"wp-block-paragraph\">Ce qui frappe avec le recul, c\u2019est que l\u2019un de ses atouts ressemble aujourd\u2019hui \u00e0 quelque chose que les plateformes auraient su mieux accueillir. Sur une grande cha\u00eene, en diffusion hebdomadaire, la m\u00e9canique de <em>The Event<\/em> passait pour trop complexe aux yeux de beaucoup d\u2019observateurs. L\u00e0 o\u00f9 le binge-watching a depuis habitu\u00e9 le public \u00e0 des r\u00e9cits denses, feuilletonnants, parfois labyrinthiques, <em>The Event<\/em> demandait aux spectateurs de suivre tr\u00e8s attentivement ses va-et-vient narratifs d\u2019une semaine \u00e0 l\u2019autre. NBC a fini par mettre un terme \u00e0 l\u2019aventure apr\u00e8s une seule saison.<\/p>\n\n<p class=\"wp-block-paragraph\">Cette annulation a laiss\u00e9 les fans avec un \u00e9norme cliffhanger, devenu culte depuis: dans le final, la plan\u00e8te d\u2019origine des extraterrestres apparaissait pr\u00e8s de la Terre par l\u2019interm\u00e9diaire d\u2019un <strong>trou de ver<\/strong>. La sc\u00e8ne avait tout d\u2019une conclusion spectaculaire pens\u00e9e pour propulser la suite. Sauf que cette suite n\u2019est jamais arriv\u00e9e \u00e0 l\u2019\u00e9cran.<\/p>\n\n<p class=\"wp-block-paragraph\">En 2011, il y a bien eu des discussions autour d\u2019une \u00e9ventuelle mini-s\u00e9rie sur Syfy afin d\u2019offrir une <strong>vraie fin<\/strong> \u00e0 l\u2019histoire, mais rien n\u2019a abouti. Avec les ann\u00e9es, <em>The Event<\/em> a gard\u00e9 ce petit statut de s\u00e9rie culte. Les critiques de l\u2019\u00e9poque \u00e9taient divis\u00e9es, pourtant beaucoup jugent aujourd\u2019hui que cette fiction ambitieuse est simplement arriv\u00e9e trop t\u00f4t, \u00e0 un moment o\u00f9 la t\u00e9l\u00e9vision traditionnelle encaissait encore mal les r\u00e9cits complexes qui, depuis, se sont \u00e9panouis sur les plateformes de streaming.<\/p>","protected":false},"excerpt":{"rendered":"<p>En 2010, Stephen King rangeait The Event, le thriller de science-fiction lanc\u00e9 par NBC le 20 septembre 2010, parmi les 10 meilleures s\u00e9ries de l\u2019ann\u00e9e. Et ce, alors que la s\u00e9rie racontait la traque men\u00e9e par Sean Walker pour retrouver sa fianc\u00e9e disparue, avec derri\u00e8re cette qu\u00eate un secret d\u2019\u00c9tat et une pr\u00e9sence extraterrestre. Quelques &hellip; <a href=\"https:\/\/cms-articles.softonic.io\/fr\/the-event-stephen-king-remet-en-avant-la-serie-sf-de-nbc-annulee-apres-une-saison\/\" class=\"more-link\">Continue reading<span class=\"screen-reader-text\"> &#8220;The Event : Stephen King remet en avant la s\u00e9rie SF de NBC annul\u00e9e apr\u00e8s une saison&#8221;<\/span><\/a><\/p>\n","protected":false},"author":9323,"featured_media":200715,"comment_status":"closed","ping_status":"closed","sticky":false,"template":"","format":"standard","meta":{"footnotes":"","wpcf-pageviews":0},"categories":[16761],"tags":[],"usertag":[],"vertical":[],"content-category":[],"class_list":["post-200716","post","type-post","status-publish","format-standard","has-post-thumbnail","hentry","category-news"],"aioseo_notices":[],"_links":{"self":[{"href":"https:\/\/cms-articles.softonic.io\/fr\/wp-json\/wp\/v2\/posts\/200716","targetHints":{"allow":["GET"]}}],"collection":[{"href":"https:\/\/cms-articles.softonic.io\/fr\/wp-json\/wp\/v2\/posts"}],"about":[{"href":"https:\/\/cms-articles.softonic.io\/fr\/wp-json\/wp\/v2\/types\/post"}],"author":[{"embeddable":true,"href":"https:\/\/cms-articles.softonic.io\/fr\/wp-json\/wp\/v2\/users\/9323"}],"replies":[{"embeddable":true,"href":"https:\/\/cms-articles.softonic.io\/fr\/wp-json\/wp\/v2\/comments?post=200716"}],"version-history":[{"count":1,"href":"https:\/\/cms-articles.softonic.io\/fr\/wp-json\/wp\/v2\/posts\/200716\/revisions"}],"predecessor-version":[{"id":200717,"href":"https:\/\/cms-articles.softonic.io\/fr\/wp-json\/wp\/v2\/posts\/200716\/revisions\/200717"}],"wp:featuredmedia":[{"embeddable":true,"href":"https:\/\/cms-articles.softonic.io\/fr\/wp-json\/wp\/v2\/media\/200715"}],"wp:attachment":[{"href":"https:\/\/cms-articles.softonic.io\/fr\/wp-json\/wp\/v2\/media?parent=200716"}],"wp:term":[{"taxonomy":"category","embeddable":true,"href":"https:\/\/cms-articles.softonic.io\/fr\/wp-json\/wp\/v2\/categories?post=200716"},{"taxonomy":"post_tag","embeddable":true,"href":"https:\/\/cms-articles.softonic.io\/fr\/wp-json\/wp\/v2\/tags?post=200716"},{"taxonomy":"usertag","embeddable":true,"href":"https:\/\/cms-articles.softonic.io\/fr\/wp-json\/wp\/v2\/usertag?post=200716"},{"taxonomy":"vertical","embeddable":true,"href":"https:\/\/cms-articles.softonic.io\/fr\/wp-json\/wp\/v2\/vertical?post=200716"},{"taxonomy":"content-category","embeddable":true,"href":"https:\/\/cms-articles.softonic.io\/fr\/wp-json\/wp\/v2\/content-category?post=200716"}],"curies":[{"name":"wp","href":"https:\/\/api.w.org\/{rel}","templated":true}]}}