{"id":200802,"date":"2026-08-25T16:48:00","date_gmt":"2026-08-25T15:48:00","guid":{"rendered":"https:\/\/cms-articles.softonic.io\/fr\/?p=200802"},"modified":"2026-08-25T16:48:08","modified_gmt":"2026-08-25T15:48:08","slug":"airpods-5-apple-pourrait-les-devoiler-des-le-9-septembre","status":"publish","type":"post","link":"https:\/\/cms-articles.softonic.io\/fr\/airpods-5-apple-pourrait-les-devoiler-des-le-9-septembre\/","title":{"rendered":"AirPods 5 : Apple pourrait les d\u00e9voiler d\u00e8s le 9 septembre"},"content":{"rendered":"<p class=\"wp-block-paragraph\">Apple pourrait lever le voile sur les <strong>AirPods 5 d\u00e8s le 9 septembre<\/strong>. L\u2019information vient de Mark Gurman, le journaliste de Bloomberg qui tombe souvent juste quand il s\u2019agit des plans d\u2019Apple. D\u2019apr\u00e8s lui, ces nouveaux \u00e9couteurs sans fil seraient annonc\u00e9s en m\u00eame temps que la gamme iPhone 18 et, peut-\u00eatre, avec un iPhone pliable.<\/p>\n<div class=\"sc-card-program\">\r\n  <div class=\"sc-card-program__body\">\r\n    <div class=\"sc-card-program__row clearfix\">\r\n      <div class=\"sc-card-program__col-logo\">\r\n        <img decoding=\"async\" class=\"sc-card-program__img\" src=\"https:\/\/images.sftcdn.net\/images\/t_app-icon-s\/p\/3af5be37-f3b2-45a4-8a43-634a8e561bb7\/150850144\/free-apple-music-converter-150850144.webp\" alt=\"Apple Music\" width=\"100px\" height=\"100px\">\r\n      <\/div>\r\n      <div class=\"sc-card-program__col-title\">\r\n        <span class=\"sc-card-program__title\">Apple Music<\/span>\r\n        <a class=\"sc-card-program__button sc-card-program-internal\" href=\"https:\/\/free-apple-music-converter.fr.softonic.com\/\" target=\"_self\" rel=\"noopener noreferrer\">T\u00e9l\u00e9charger<\/a>\r\n      <\/div>\r\n      <div class=\"sc-card-program__col-rating\">\r\n        \r\n      <\/div>\r\n    <\/div>\r\n    <div class=\"sc-card-program__row\">\r\n      <span class=\"sc-card-program__description\"><\/span>\r\n    <\/div>\r\n    <div class=\"sc-card-program__row\">\r\n      <img decoding=\"async\" class=\"sc-card-program__bigpic\" src=\"\">\r\n    <\/div>\r\n    <a class=\"sc-card-program__link track-link sc-card-program-internal\" href=\"https:\/\/free-apple-music-converter.fr.softonic.com\/\" target=\"_self\" rel=\"noopener noreferrer\"><\/a>\r\n  <\/div>\r\n<\/div>\n\n\n\n<p class=\"wp-block-paragraph\">Un autre indice va dans le m\u00eame sens. Des r\u00e9f\u00e9rences \u00e0 des AirPods 5 encore jamais officialis\u00e9s auraient \u00e9t\u00e9 rep\u00e9r\u00e9es dans la version candidate de <strong>macOS Tahoe 26.7<\/strong>. \u00c0 quelques semaines d\u2019un keynote Apple, ce genre de trace dans le code pr\u00e9c\u00e8de assez souvent une annonce.<\/p>\n\n<p class=\"wp-block-paragraph\">Pour l\u2019instant, Apple n\u2019a confirm\u00e9 absolument rien. Mais entre une fuite sign\u00e9e Bloomberg et des mentions trouv\u00e9es dans macOS, l\u2019hypoth\u00e8se d\u2019une pr\u00e9sentation en septembre tient plut\u00f4t bien. Et puis le calendrier colle : Apple aime regrouper ses annonces audio avec les <strong>nouveaux iPhone<\/strong> et, bien souvent aussi, une Apple Watch.<\/p>\n\n<p class=\"wp-block-paragraph\">Pour le grand public, \u00e7a voudrait surtout dire une <strong>mise \u00e0 jour rapide<\/strong> d\u2019un produit devenu central dans l\u2019univers Apple, pile au moment du renouvellement habituel de l\u2019automne.<\/p>\n\n<p class=\"wp-block-paragraph\">Rien n\u2019est act\u00e9 pour autant. Mieux vaut garder une petite r\u00e9serve, et on suivra \u00e7a de pr\u00e8s.<\/p>\n\n<p class=\"wp-block-paragraph\">Les AirPods 5 devraient aussi se d\u00e9cliner en <strong>deux versions<\/strong> : un mod\u00e8le standard, puis une version avec r\u00e9duction active du bruit. Apple reprendrait donc la formule d\u00e9j\u00e0 vue avec <a href=\"https:\/\/fr.softonic.com\/articles\/les-airpods-4-pourraient-bientot-devenir-realite\" rel=\"noopener\">Les AirPods 4<\/a>, avec d\u2019un c\u00f4t\u00e9 une entr\u00e9e de gamme plus abordable, de l\u2019autre une version plus ch\u00e8re qui garde les fonctions premium. D\u00e9tail assez parlant, les noms de code internes qui ont fuit\u00e9, B868M et B868E, ressemblent beaucoup \u00e0 ceux des AirPods 4, r\u00e9f\u00e9renc\u00e9s B768M et B768E. Du coup, cette piste para\u00eet assez solide.<\/p>\n<div class=\"sc-card-program\">\r\n  <div class=\"sc-card-program__body\">\r\n    <div class=\"sc-card-program__row clearfix\">\r\n      <div class=\"sc-card-program__col-logo\">\r\n        <img decoding=\"async\" class=\"sc-card-program__img\" src=\"https:\/\/images.sftcdn.net\/images\/t_app-icon-s\/p\/9b57653a-96d0-11e6-8952-00163ec9f5fa\/3954972380\/spotify-logo\" alt=\"Spotify\" width=\"100px\" height=\"100px\">\r\n      <\/div>\r\n      <div class=\"sc-card-program__col-title\">\r\n        <span class=\"sc-card-program__title\">Spotify<\/span>\r\n        <a class=\"sc-card-program__button sc-card-program-internal\" href=\"https:\/\/spotify.fr.softonic.com\/\" target=\"_self\" rel=\"noopener noreferrer\">T\u00e9l\u00e9charger<\/a>\r\n      <\/div>\r\n      <div class=\"sc-card-program__col-rating\">\r\n        \r\n      <\/div>\r\n    <\/div>\r\n    <div class=\"sc-card-program__row\">\r\n      <span class=\"sc-card-program__description\"><\/span>\r\n    <\/div>\r\n    <div class=\"sc-card-program__row\">\r\n      <img decoding=\"async\" class=\"sc-card-program__bigpic\" src=\"\">\r\n    <\/div>\r\n    <a class=\"sc-card-program__link track-link sc-card-program-internal\" href=\"https:\/\/spotify.fr.softonic.com\/\" target=\"_self\" rel=\"noopener noreferrer\"><\/a>\r\n  <\/div>\r\n<\/div>\n\n\n\n<p class=\"wp-block-paragraph\">C\u00f4t\u00e9 mat\u00e9riel, la nouveaut\u00e9 la plus souvent cit\u00e9e pour l\u2019instant, c\u2019est l\u2019arriv\u00e9e d\u2019une <strong>puce H3<\/strong>. En th\u00e9orie, elle pourrait am\u00e9liorer le son, faire baisser la latence et rendre plus fluides certaines interactions avec Siri et les autres appareils Apple. Pour le reste, c\u2019est encore flou. On ne sait pas grand-chose sur l\u2019autonomie, un \u00e9ventuel changement de design, les prix, ou des nouveaut\u00e9s logicielles plus larges. En clair, l\u2019existence des AirPods 5 devient de plus en plus cr\u00e9dible, mais leur fiche technique est encore tr\u00e8s incompl\u00e8te.<\/p>\n\n<p class=\"wp-block-paragraph\">Ceux qui attendaient quelque chose de bien plus spectaculaire risquent en revanche de devoir patienter un peu. Les <a href=\"https:\/\/fr.softonic.com\/articles\/apple-preparerait-des-airpods-avec-cameras-une-annonce-plus-tot-que-prevu\" rel=\"noopener\">AirPods dot\u00e9s de capteurs photo<\/a> auraient \u00e9t\u00e9 repouss\u00e9s \u00e0 2027, toujours selon Bloomberg, \u00e0 cause de <strong>difficult\u00e9s<\/strong> li\u00e9es \u00e0 la cha\u00eene d\u2019approvisionnement et au d\u00e9veloppement logiciel. Et il ne s\u2019agirait pas d\u2019\u00e9couteurs capables de prendre des photos comme un smartphone. L\u2019id\u00e9e serait plut\u00f4t d\u2019int\u00e9grer des capteurs de faible r\u00e9solution capables d\u2019analyser l\u2019environnement autour de l\u2019utilisateur pour enrichir certaines fonctions contextuelles.<\/p>\n\n<p class=\"wp-block-paragraph\">En attendant, les AirPods 5 restent l\u2019\u00e9volution la plus concr\u00e8te \u00e0 court terme pour la gamme. Si Apple confirme bien leur arriv\u00e9e le <strong>9 septembre<\/strong>, ils prendraient place dans un lancement plus large, centr\u00e9 sur l\u2019iPhone, la montre connect\u00e9e et tous les accessoires qui resserrent encore un peu plus l\u2019\u00e9cosyst\u00e8me Apple.<\/p>\n\n<p class=\"wp-block-paragraph\">Suivez-moi sur <a href=\"https:\/\/twitter.fr.softonic.com\/\" rel=\"noopener\">Twitter<\/a> : @pierrevitre<\/p>","protected":false},"excerpt":{"rendered":"<p>Apple pourrait lever le voile sur les AirPods 5 d\u00e8s le 9 septembre. L\u2019information vient de Mark Gurman, le journaliste de Bloomberg qui tombe souvent juste quand il s\u2019agit des plans d\u2019Apple. D\u2019apr\u00e8s lui, ces nouveaux \u00e9couteurs sans fil seraient annonc\u00e9s en m\u00eame temps que la gamme iPhone 18 et, peut-\u00eatre, avec un iPhone pliable. &hellip; <a href=\"https:\/\/cms-articles.softonic.io\/fr\/airpods-5-apple-pourrait-les-devoiler-des-le-9-septembre\/\" class=\"more-link\">Continue reading<span class=\"screen-reader-text\"> &#8220;AirPods 5 : Apple pourrait les d\u00e9voiler d\u00e8s le 9 septembre&#8221;<\/span><\/a><\/p>\n","protected":false},"author":1009,"featured_media":200801,"comment_status":"closed","ping_status":"closed","sticky":false,"template":"","format":"standard","meta":{"footnotes":"","wpcf-pageviews":0},"categories":[16761],"tags":[],"usertag":[],"vertical":[],"content-category":[],"class_list":["post-200802","post","type-post","status-publish","format-standard","has-post-thumbnail","hentry","category-news"],"aioseo_notices":[],"_links":{"self":[{"href":"https:\/\/cms-articles.softonic.io\/fr\/wp-json\/wp\/v2\/posts\/200802","targetHints":{"allow":["GET"]}}],"collection":[{"href":"https:\/\/cms-articles.softonic.io\/fr\/wp-json\/wp\/v2\/posts"}],"about":[{"href":"https:\/\/cms-articles.softonic.io\/fr\/wp-json\/wp\/v2\/types\/post"}],"author":[{"embeddable":true,"href":"https:\/\/cms-articles.softonic.io\/fr\/wp-json\/wp\/v2\/users\/1009"}],"replies":[{"embeddable":true,"href":"https:\/\/cms-articles.softonic.io\/fr\/wp-json\/wp\/v2\/comments?post=200802"}],"version-history":[{"count":1,"href":"https:\/\/cms-articles.softonic.io\/fr\/wp-json\/wp\/v2\/posts\/200802\/revisions"}],"predecessor-version":[{"id":200803,"href":"https:\/\/cms-articles.softonic.io\/fr\/wp-json\/wp\/v2\/posts\/200802\/revisions\/200803"}],"wp:featuredmedia":[{"embeddable":true,"href":"https:\/\/cms-articles.softonic.io\/fr\/wp-json\/wp\/v2\/media\/200801"}],"wp:attachment":[{"href":"https:\/\/cms-articles.softonic.io\/fr\/wp-json\/wp\/v2\/media?parent=200802"}],"wp:term":[{"taxonomy":"category","embeddable":true,"href":"https:\/\/cms-articles.softonic.io\/fr\/wp-json\/wp\/v2\/categories?post=200802"},{"taxonomy":"post_tag","embeddable":true,"href":"https:\/\/cms-articles.softonic.io\/fr\/wp-json\/wp\/v2\/tags?post=200802"},{"taxonomy":"usertag","embeddable":true,"href":"https:\/\/cms-articles.softonic.io\/fr\/wp-json\/wp\/v2\/usertag?post=200802"},{"taxonomy":"vertical","embeddable":true,"href":"https:\/\/cms-articles.softonic.io\/fr\/wp-json\/wp\/v2\/vertical?post=200802"},{"taxonomy":"content-category","embeddable":true,"href":"https:\/\/cms-articles.softonic.io\/fr\/wp-json\/wp\/v2\/content-category?post=200802"}],"curies":[{"name":"wp","href":"https:\/\/api.w.org\/{rel}","templated":true}]}}