{"id":201398,"date":"2026-09-01T09:48:00","date_gmt":"2026-09-01T08:48:00","guid":{"rendered":"https:\/\/cms-articles.softonic.io\/fr\/?p=201398"},"modified":"2026-09-01T09:48:37","modified_gmt":"2026-09-01T08:48:37","slug":"apple-nomme-john-ternus-ceo-tim-cook-reste-president-executif","status":"publish","type":"post","link":"https:\/\/cms-articles.softonic.io\/fr\/apple-nomme-john-ternus-ceo-tim-cook-reste-president-executif\/","title":{"rendered":"Apple nomme John Ternus CEO : Tim Cook reste pr\u00e9sident ex\u00e9cutif"},"content":{"rendered":"<p class=\"wp-block-paragraph\">Depuis ce <strong>1er septembre 2026<\/strong>, John Ternus est officiellement le CEO d\u2019Apple, comme l\u2019a annonc\u00e9 le groupe. Tim Cook lui passe la main tout en gardant la pr\u00e9sidence ex\u00e9cutive du conseil d\u2019administration, un choix fait pour pr\u00e9server la continuit\u00e9 au sommet et, tr\u00e8s probablement, rassurer les investisseurs.<\/p>\n\n<p class=\"wp-block-paragraph\">Rien d\u2019improvis\u00e9 dans cette transition. Apple en avait fix\u00e9 les contours d\u00e8s le <strong>20 avril 2026<\/strong>, dans le cadre d\u2019un <a href=\"https:\/\/fr.softonic.com\/articles\/ainsi-est-le-prochain-pdg-dapple-une-fois-que-tim-cook-prendra-sa-retraite\" rel=\"noopener\">plan de succession<\/a> pens\u00e9 sur le long terme, avec une ligne tr\u00e8s nette : pas de rupture, pas de crise, pas de virage brutal.<\/p>\n\n<p class=\"wp-block-paragraph\">Et pourtant, derri\u00e8re cette passation soigneusement balis\u00e9e, il se joue plus qu\u2019un simple changement de visage. Apr\u00e8s <strong>quinze ann\u00e9es<\/strong> sous Tim Cook, Apple passe d\u2019un dirigeant surtout associ\u00e9 \u00e0 l\u2019excellence op\u00e9rationnelle, \u00e0 la cha\u00eene logistique et aux affaires, \u00e0 un profil bien plus enracin\u00e9 dans le produit et l\u2019ing\u00e9nierie.<\/p>\n\n<p class=\"wp-block-paragraph\">Le bilan de Tim Cook, lui, se conteste difficilement. Depuis sa prise de fonctions en <strong>2011<\/strong>, la capitalisation boursi\u00e8re d\u2019Apple est pass\u00e9e d\u2019environ 350 milliards de dollars \u00e0 plus de 4 000 milliards de dollars, selon les donn\u00e9es de march\u00e9.<\/p>\n\n<p class=\"wp-block-paragraph\">Sous sa direction, Apple a \u00e9largi la gamme iPhone, consolid\u00e9 son \u00e9cosyst\u00e8me mat\u00e9riel et, surtout, install\u00e9 les services comme un <strong>pilier central<\/strong> de sa croissance. Tim Cook laisse donc derri\u00e8re lui une entreprise extr\u00eamement rentable, disciplin\u00e9e, et solidement install\u00e9e dans une position \u00e0 part sur le march\u00e9 grand public.<\/p>\n\n<p class=\"wp-block-paragraph\">John Ternus n\u2019a rien d\u2019un homme venu de l\u2019ext\u00e9rieur. Apple rappelle qu\u2019il compte <strong>25 ans<\/strong> de maison. Ancien Senior Vice President of Hardware Engineering, il a pris part \u00e0 plusieurs des projets mat\u00e9riels les plus importants du groupe, dont l\u2019iPhone, l\u2019iPad et la transition <a href=\"https:\/\/fr.softonic.com\/telechargements\/apple-pour-windows\" rel=\"noopener\">Apple Silicon<\/a>, toujours selon Apple.<\/p>\n\n<p class=\"wp-block-paragraph\">Le moment n\u2019est d\u2019ailleurs pas anodin. Apple vient justement de boucler l\u2019un de ses plus grands chantiers techniques r\u00e9cents, le passage d\u2019Intel \u00e0 ses propres puces pour le Mac, finalis\u00e9 en <strong>juin 2023<\/strong> apr\u00e8s une annonce initiale en 2020. Cette bascule a nettement am\u00e9lior\u00e9 les performances et l\u2019efficacit\u00e9 \u00e9nerg\u00e9tique des Mac, tout en soutenant les ventes dans un march\u00e9 du PC plus fragile.<\/p>\n\n<p class=\"wp-block-paragraph\">En choisissant John Ternus, Apple mise donc sur un dirigeant li\u00e9 \u00e0 cette culture du produit men\u00e9 jusqu\u2019au bout, au moment o\u00f9 le groupe doit encore prouver qu\u2019il peut imposer le tempo \u00e0 l\u2019industrie.<\/p>\n\n<p class=\"wp-block-paragraph\">Son premier grand rendez-vous comme CEO pourrait d\u2019ailleurs arriver tr\u00e8s vite, le <strong>9 septembre<\/strong>. Apple doit y pr\u00e9senter de <a href=\"https:\/\/fr.softonic.com\/telechargements\/apple\" rel=\"noopener\">nouveaux iPhone<\/a>, avec en toile de fond la possibilit\u00e9 d\u2019un mod\u00e8le pliable, ainsi que des nouveaut\u00e9s logicielles centr\u00e9es sur Siri et des fonctions plus avanc\u00e9es dans l\u2019ensemble de l\u2019\u00e9cosyst\u00e8me.<\/p>\n\n<p class=\"wp-block-paragraph\">Ce sera un test, sur le fond comme sur la forme. John Ternus devra montrer qu\u2019il peut porter une <strong>vision<\/strong> en public, convaincre sur la feuille de route des produits et fixer un cap lisible pour les prochaines ann\u00e9es. Et ce, alors qu\u2019Apple g\u00e8re aussi d\u2019autres ajustements internes, notamment la mise en retrait de Phil Schiller d\u2019une partie de ses responsabilit\u00e9s, sans oublier sa d\u00e9pendance industrielle \u00e0 la Chine et ses enjeux commerciaux sur ce march\u00e9 cl\u00e9.<\/p>\n\n<p class=\"wp-block-paragraph\">\u00c0 premi\u00e8re vue, la succession semble calme, presque \u00e9vidente. Pourtant, c\u2019est bien un <strong>nouveau cycle<\/strong> qui s\u2019ouvre chez Apple.<\/p>","protected":false},"excerpt":{"rendered":"<p>Depuis ce 1er septembre 2026, John Ternus est officiellement le CEO d\u2019Apple, comme l\u2019a annonc\u00e9 le groupe. Tim Cook lui passe la main tout en gardant la pr\u00e9sidence ex\u00e9cutive du conseil d\u2019administration, un choix fait pour pr\u00e9server la continuit\u00e9 au sommet et, tr\u00e8s probablement, rassurer les investisseurs. Rien d\u2019improvis\u00e9 dans cette transition. Apple en avait &hellip; <a href=\"https:\/\/cms-articles.softonic.io\/fr\/apple-nomme-john-ternus-ceo-tim-cook-reste-president-executif\/\" class=\"more-link\">Continue reading<span class=\"screen-reader-text\"> &#8220;Apple nomme John Ternus CEO : Tim Cook reste pr\u00e9sident ex\u00e9cutif&#8221;<\/span><\/a><\/p>\n","protected":false},"author":9322,"featured_media":201397,"comment_status":"closed","ping_status":"closed","sticky":false,"template":"","format":"standard","meta":{"footnotes":"","wpcf-pageviews":0},"categories":[16761],"tags":[],"usertag":[],"vertical":[],"content-category":[],"class_list":["post-201398","post","type-post","status-publish","format-standard","has-post-thumbnail","hentry","category-news"],"aioseo_notices":[],"_links":{"self":[{"href":"https:\/\/cms-articles.softonic.io\/fr\/wp-json\/wp\/v2\/posts\/201398","targetHints":{"allow":["GET"]}}],"collection":[{"href":"https:\/\/cms-articles.softonic.io\/fr\/wp-json\/wp\/v2\/posts"}],"about":[{"href":"https:\/\/cms-articles.softonic.io\/fr\/wp-json\/wp\/v2\/types\/post"}],"author":[{"embeddable":true,"href":"https:\/\/cms-articles.softonic.io\/fr\/wp-json\/wp\/v2\/users\/9322"}],"replies":[{"embeddable":true,"href":"https:\/\/cms-articles.softonic.io\/fr\/wp-json\/wp\/v2\/comments?post=201398"}],"version-history":[{"count":1,"href":"https:\/\/cms-articles.softonic.io\/fr\/wp-json\/wp\/v2\/posts\/201398\/revisions"}],"predecessor-version":[{"id":201399,"href":"https:\/\/cms-articles.softonic.io\/fr\/wp-json\/wp\/v2\/posts\/201398\/revisions\/201399"}],"wp:featuredmedia":[{"embeddable":true,"href":"https:\/\/cms-articles.softonic.io\/fr\/wp-json\/wp\/v2\/media\/201397"}],"wp:attachment":[{"href":"https:\/\/cms-articles.softonic.io\/fr\/wp-json\/wp\/v2\/media?parent=201398"}],"wp:term":[{"taxonomy":"category","embeddable":true,"href":"https:\/\/cms-articles.softonic.io\/fr\/wp-json\/wp\/v2\/categories?post=201398"},{"taxonomy":"post_tag","embeddable":true,"href":"https:\/\/cms-articles.softonic.io\/fr\/wp-json\/wp\/v2\/tags?post=201398"},{"taxonomy":"usertag","embeddable":true,"href":"https:\/\/cms-articles.softonic.io\/fr\/wp-json\/wp\/v2\/usertag?post=201398"},{"taxonomy":"vertical","embeddable":true,"href":"https:\/\/cms-articles.softonic.io\/fr\/wp-json\/wp\/v2\/vertical?post=201398"},{"taxonomy":"content-category","embeddable":true,"href":"https:\/\/cms-articles.softonic.io\/fr\/wp-json\/wp\/v2\/content-category?post=201398"}],"curies":[{"name":"wp","href":"https:\/\/api.w.org\/{rel}","templated":true}]}}