{"id":201716,"date":"2026-09-04T12:36:00","date_gmt":"2026-09-04T11:36:00","guid":{"rendered":"https:\/\/cms-articles.softonic.io\/fr\/?p=201716"},"modified":"2026-09-04T12:16:44","modified_gmt":"2026-09-04T11:16:44","slug":"tesla-lance-ses-premiers-cybercab-a-austin-les-robotaxis-entrent-en-service","status":"publish","type":"post","link":"https:\/\/cms-articles.softonic.io\/fr\/tesla-lance-ses-premiers-cybercab-a-austin-les-robotaxis-entrent-en-service\/","title":{"rendered":"Tesla lance ses premiers Cybercab \u00e0 Austin : les robotaxis entrent en service"},"content":{"rendered":"<p class=\"wp-block-paragraph\"><a href=\"https:\/\/tesla-cybertruck-for-cindycar-drive.fr.softonic.com\/\" rel=\"noopener\">Tesla<\/a> a officiellement mis en service le Tesla Cybercab \u00e0 Austin, au Texas, le <strong>3 septembre 2026<\/strong>, d&#8217;apr\u00e8s Tesla. Les premi\u00e8res courses de ce v\u00e9hicule pens\u00e9 d\u00e8s le d\u00e9part pour transporter des passagers sans conducteur ont commenc\u00e9 ce m\u00eame jour, toujours selon l&#8217;entreprise. Pour le groupe, c&#8217;est un cap attendu, apr\u00e8s plus d&#8217;un an d&#8217;exploitation de son service de robotaxi avec des <a href=\"https:\/\/fr.softonic.com\/articles\/tesla-va-presenter-son-robotaxi-voici-le-grand-pari-appele-cybercab\" rel=\"noopener\">Tesla Model Y modifi\u00e9s<\/a>.<\/p>\n<div class=\"sc-card-program\">\r\n  <div class=\"sc-card-program__body\">\r\n    <div class=\"sc-card-program__row clearfix\">\r\n      <div class=\"sc-card-program__col-logo\">\r\n        <img decoding=\"async\" class=\"sc-card-program__img\" src=\"https:\/\/images.sftcdn.net\/images\/t_app-icon-s\/p\/8a30b769-8246-4b63-aeab-f453259521d4\/2038338073\/tesla-cybertruck-for-cindycar-drive-logo\" alt=\"Tesla\" width=\"100px\" height=\"100px\">\r\n      <\/div>\r\n      <div class=\"sc-card-program__col-title\">\r\n        <span class=\"sc-card-program__title\">Tesla<\/span>\r\n        <a class=\"sc-card-program__button sc-card-program-internal\" href=\"https:\/\/tesla-cybertruck-for-cindycar-drive.fr.softonic.com\/\" target=\"_self\" rel=\"noopener noreferrer\">T\u00e9l\u00e9charger<\/a>\r\n      <\/div>\r\n      <div class=\"sc-card-program__col-rating\">\r\n        \r\n      <\/div>\r\n    <\/div>\r\n    <div class=\"sc-card-program__row\">\r\n      <span class=\"sc-card-program__description\"><\/span>\r\n    <\/div>\r\n    <div class=\"sc-card-program__row\">\r\n      <img decoding=\"async\" class=\"sc-card-program__bigpic\" src=\"\">\r\n    <\/div>\r\n    <a class=\"sc-card-program__link track-link sc-card-program-internal\" href=\"https:\/\/tesla-cybertruck-for-cindycar-drive.fr.softonic.com\/\" target=\"_self\" rel=\"noopener noreferrer\"><\/a>\r\n  <\/div>\r\n<\/div>\n\n<p class=\"wp-block-paragraph\">Le lancement, pour l&#8217;instant, reste <strong>mesur\u00e9<\/strong>. D&#8217;apr\u00e8s les \u00e9l\u00e9ments communiqu\u00e9s par Tesla, le service ne couvre que certaines zones de la ville et s&#8217;appuie encore sur une flotte limit\u00e9e. Cela suffit d\u00e9j\u00e0 \u00e0 braquer les projecteurs, chez les r\u00e9gulateurs comme chez les investisseurs, parce que le Cybercab se d\u00e9marque par un trait encore rare sur route ouverte.<\/p>\n\n<p class=\"wp-block-paragraph\">Avec cette arriv\u00e9e, Tesla sort du cadre de l&#8217;exp\u00e9rimentation \u00e9largie pour passer \u00e0 un v\u00e9hicule d\u00e9di\u00e9 au transport <a href=\"https:\/\/fr.softonic.com\/telechargements\/autonome\" rel=\"noopener\">autonome<\/a>. Jusqu&#8217;\u00e0 pr\u00e9sent, son r\u00e9seau de robotaxis, en service depuis <strong>juin 2025<\/strong> selon Tesla, reposait avant tout sur des Tesla Model Y adapt\u00e9es.<\/p>\n\n<p class=\"wp-block-paragraph\">Le relais est maintenant pris par le Cybercab, un mod\u00e8le con\u00e7u sp\u00e9cialement pour cet usage. D&#8217;apr\u00e8s les dossiers du Texas DMV, environ <strong>45 Cybercab<\/strong> avaient \u00e9t\u00e9 enregistr\u00e9s pour la flotte robotaxi de Tesla au d\u00e9but de septembre 2026. \u00c0 l&#8217;\u00e9chelle industrielle, cela reste symbolique. On est encore loin d&#8217;un service de masse.<\/p>\n\n<p class=\"wp-block-paragraph\">Tesla affirme aussi que sa flotte robotaxi a franchi le seuil de <strong>1 million de miles<\/strong> en autonomie compl\u00e8te, soit un peu plus de 1,6 million de kilom\u00e8tres, autrement dit sans conducteur de s\u00e9curit\u00e9 humain \u00e0 bord. C&#8217;est un chiffre que l&#8217;entreprise met clairement en avant pour appuyer le degr\u00e9 de maturit\u00e9 de sa technologie, aussi bien aupr\u00e8s du public que des autorit\u00e9s.<\/p>\n\n<p class=\"wp-block-paragraph\">Pr\u00e9sent\u00e9 une premi\u00e8re fois sous forme de concept en <strong>octobre 2024<\/strong> par Tesla, le Cybercab repose sur une formule assez radicale. Le v\u00e9hicule ne compte que deux places et n&#8217;a pas \u00e9t\u00e9 pens\u00e9 pour \u00eatre vendu comme une voiture classique destin\u00e9e \u00e0 un usage personnel.<\/p>\n<div class=\"sc-card-program\">\r\n  <div class=\"sc-card-program__body\">\r\n    <div class=\"sc-card-program__row clearfix\">\r\n      <div class=\"sc-card-program__col-logo\">\r\n        <img decoding=\"async\" class=\"sc-card-program__img\" src=\"https:\/\/images.sftcdn.net\/images\/t_app-icon-s\/p\/33c87e14-96d4-11e6-8a14-00163ec9f5fa\/2451433180\/uber-logo\" alt=\"Uber\" width=\"100px\" height=\"100px\">\r\n      <\/div>\r\n      <div class=\"sc-card-program__col-title\">\r\n        <span class=\"sc-card-program__title\">Uber<\/span>\r\n        <a class=\"sc-card-program__button sc-card-program-internal\" href=\"https:\/\/uber.fr.softonic.com\/\" target=\"_self\" rel=\"noopener noreferrer\">T\u00e9l\u00e9charger<\/a>\r\n      <\/div>\r\n      <div class=\"sc-card-program__col-rating\">\r\n        \r\n      <\/div>\r\n    <\/div>\r\n    <div class=\"sc-card-program__row\">\r\n      <span class=\"sc-card-program__description\"><\/span>\r\n    <\/div>\r\n    <div class=\"sc-card-program__row\">\r\n      <img decoding=\"async\" class=\"sc-card-program__bigpic\" src=\"\">\r\n    <\/div>\r\n    <a class=\"sc-card-program__link track-link sc-card-program-internal\" href=\"https:\/\/uber.fr.softonic.com\/\" target=\"_self\" rel=\"noopener noreferrer\"><\/a>\r\n  <\/div>\r\n<\/div>\n\n<p class=\"wp-block-paragraph\">Tout, dans sa conception, tourne autour du transport \u00e0 la demande. Et le d\u00e9tail qui accroche le plus les regards reste assez simple \u00e0 r\u00e9sumer : pas de volant, pas de p\u00e9dales, pas de r\u00e9troviseurs traditionnels. \u00c0 ce stade, les donn\u00e9es techniques rendues publiques par Tesla parlent d&#8217;une autonomie d&#8217;environ <strong>293 miles<\/strong>, soit pr\u00e8s de 472 kilom\u00e8tres, ainsi que d&#8217;une compatibilit\u00e9 avec la recharge par induction. Ce point pourrait permettre \u00e0 Tesla d&#8217;automatiser encore davantage l&#8217;exploitation de sa flotte, en r\u00e9duisant les interventions humaines entre deux trajets.<\/p>\n\n<p class=\"wp-block-paragraph\">Au Texas, ce d\u00e9marrage ne passe pas sous le radar des autorit\u00e9s. La National Highway Traffic Safety Administration (NHTSA), l&#8217;agence f\u00e9d\u00e9rale am\u00e9ricaine en charge de la s\u00e9curit\u00e9 routi\u00e8re, examine actuellement ce d\u00e9ploiement, alors m\u00eame que les r\u00e8gles f\u00e9d\u00e9rales en vigueur ont \u00e9t\u00e9 con\u00e7ues autour de v\u00e9hicules pilot\u00e9s par un humain. Cette surveillance pourrait ralentir le tempo si Tesla cherche \u00e0 d\u00e9ployer rapidement le Cybercab dans d&#8217;autres villes am\u00e9ricaines.<\/p>\n\n<p class=\"wp-block-paragraph\">Les premiers retours, eux, ne vont pas tous dans le m\u00eame sens. Certains passagers parlent d&#8217;un comportement fluide et rassurant en circulation r\u00e9elle.<\/p>\n\n<p class=\"wp-block-paragraph\">D&#8217;autres observateurs restent plus r\u00e9serv\u00e9s et rappellent que le nombre d&#8217;exemplaires en service demeure tr\u00e8s faible. Pour l&#8217;instant, Tesla n&#8217;a annonc\u00e9 aucun calendrier <strong>pr\u00e9cis<\/strong> pour un passage \u00e0 grande \u00e9chelle.<\/p>\n\n<p class=\"wp-block-paragraph\">Mieux vaut donc garder un peu de recul. Affaire \u00e0 suivre.<\/p>\n\n<p class=\"wp-block-paragraph\">Tesla a bien franchi une \u00e9tape que beaucoup attendaient. Reste que le Cybercab arrive sur le march\u00e9 avec un m\u00e9lange tr\u00e8s net de promesses et d&#8217;incertitudes, entre vitrine technologique, contraintes r\u00e9glementaires et vraie question sur le <strong>passage \u00e0 l&#8217;\u00e9chelle<\/strong>.<\/p>","protected":false},"excerpt":{"rendered":"<p>Tesla a officiellement mis en service le Tesla Cybercab \u00e0 Austin, au Texas, le 3 septembre 2026, d&#8217;apr\u00e8s Tesla. Les premi\u00e8res courses de ce v\u00e9hicule pens\u00e9 d\u00e8s le d\u00e9part pour transporter des passagers sans conducteur ont commenc\u00e9 ce m\u00eame jour, toujours selon l&#8217;entreprise. Pour le groupe, c&#8217;est un cap attendu, apr\u00e8s plus d&#8217;un an d&#8217;exploitation &hellip; <a href=\"https:\/\/cms-articles.softonic.io\/fr\/tesla-lance-ses-premiers-cybercab-a-austin-les-robotaxis-entrent-en-service\/\" class=\"more-link\">Continue reading<span class=\"screen-reader-text\"> &#8220;Tesla lance ses premiers Cybercab \u00e0 Austin : les robotaxis entrent en service&#8221;<\/span><\/a><\/p>\n","protected":false},"author":9337,"featured_media":0,"comment_status":"closed","ping_status":"closed","sticky":false,"template":"","format":"standard","meta":{"footnotes":"","wpcf-pageviews":0},"categories":[16761],"tags":[],"usertag":[],"vertical":[],"content-category":[],"class_list":["post-201716","post","type-post","status-publish","format-standard","hentry","category-news"],"aioseo_notices":[],"_links":{"self":[{"href":"https:\/\/cms-articles.softonic.io\/fr\/wp-json\/wp\/v2\/posts\/201716","targetHints":{"allow":["GET"]}}],"collection":[{"href":"https:\/\/cms-articles.softonic.io\/fr\/wp-json\/wp\/v2\/posts"}],"about":[{"href":"https:\/\/cms-articles.softonic.io\/fr\/wp-json\/wp\/v2\/types\/post"}],"author":[{"embeddable":true,"href":"https:\/\/cms-articles.softonic.io\/fr\/wp-json\/wp\/v2\/users\/9337"}],"replies":[{"embeddable":true,"href":"https:\/\/cms-articles.softonic.io\/fr\/wp-json\/wp\/v2\/comments?post=201716"}],"version-history":[{"count":1,"href":"https:\/\/cms-articles.softonic.io\/fr\/wp-json\/wp\/v2\/posts\/201716\/revisions"}],"predecessor-version":[{"id":201717,"href":"https:\/\/cms-articles.softonic.io\/fr\/wp-json\/wp\/v2\/posts\/201716\/revisions\/201717"}],"wp:attachment":[{"href":"https:\/\/cms-articles.softonic.io\/fr\/wp-json\/wp\/v2\/media?parent=201716"}],"wp:term":[{"taxonomy":"category","embeddable":true,"href":"https:\/\/cms-articles.softonic.io\/fr\/wp-json\/wp\/v2\/categories?post=201716"},{"taxonomy":"post_tag","embeddable":true,"href":"https:\/\/cms-articles.softonic.io\/fr\/wp-json\/wp\/v2\/tags?post=201716"},{"taxonomy":"usertag","embeddable":true,"href":"https:\/\/cms-articles.softonic.io\/fr\/wp-json\/wp\/v2\/usertag?post=201716"},{"taxonomy":"vertical","embeddable":true,"href":"https:\/\/cms-articles.softonic.io\/fr\/wp-json\/wp\/v2\/vertical?post=201716"},{"taxonomy":"content-category","embeddable":true,"href":"https:\/\/cms-articles.softonic.io\/fr\/wp-json\/wp\/v2\/content-category?post=201716"}],"curies":[{"name":"wp","href":"https:\/\/api.w.org\/{rel}","templated":true}]}}