{"id":20856,"date":"2014-03-06T19:06:20","date_gmt":"2014-03-06T18:06:20","guid":{"rendered":"http:\/\/onsoftware.softonic.fr\/?p=20856"},"modified":"2025-06-12T12:08:28","modified_gmt":"2025-06-12T11:08:28","slug":"personnaliser-journal-facebook","status":"publish","type":"post","link":"https:\/\/cms-articles.softonic.io\/fr\/personnaliser-journal-facebook\/","title":{"rendered":"20 photos de couverture pour personnaliser la Timeline de Facebook"},"content":{"rendered":"<p>Encore en d\u00e9ploiement, le nouveau <strong>Journal de Facebook<\/strong> reprend toutes vos publications sous forme de frise chronologique. Pour ceux qui ne l&#8217;auraient pas encore activ\u00e9, il vous suffit de cliquer sur le bouton &#8220;Utiliser le journal&#8221; sur <a title=\"Activer le nouveau Journal Facebook\" href=\"https:\/\/www.facebook.com\/about\/timeline\" target=\"_blank\" rel=\"noopener noreferrer\">la page officielle de la Timeline<\/a>.<\/p>\n<p>Initialement con\u00e7ue pour simplifier la consultation des profils,<strong> la nouvelle Timeline de Facebook<\/strong> n&#8217;en reste pas moins une excellente opportunit\u00e9 pour<strong> ajouter une touche d&#8217;originalit\u00e9 \u00e0 votre profil<\/strong>.<\/p>\n<h2 style=\"width: 600px;float: center;margin-left: 20px;background-color: #e3f0e3;margin-bottom: 20px color\"><\/h2>\n<ul><\/ul>\n<h3><a title=\"15 couvertures sp\u00e9cial cin\u00e9ma pour votre profil Facebook\" href=\"http:\/\/couvertures-pour-la-timeline-facebook-cinema.softonic.fr\/\">D\u00e9couvrez 15 nouvelles couvertures Facebook sp\u00e9cial cin\u00e9<\/a><\/h3>\n<h3><\/h3>\n<ul><\/ul>\n<h2 style=\"width: 600px;float: center;margin-left: 20px;background-color: #e3f0e3;margin-bottom: 20px color\"><\/h2>\n<p><a href=\"http:\/\/couvertures-facebook.softonic.fr\/\"><img loading=\"lazy\" decoding=\"async\" class=\"aligncenter size-full wp-image-20857\" title=\"Couverture Timeline Angry Birds\" src=\"https:\/\/articles-img.sftcdn.net\/sft\/articles\/auto-mapping-folder\/sites\/9\/2012\/01\/image-in-143.png\" alt=\"Couverture du Journal Facebook personnalis\u00e9e\" width=\"600\" height=\"263\" srcset=\"https:\/\/articles-img.sftcdn.net\/auto-mapping-folder\/sites\/9\/2012\/01\/image-in-143.png 600w, https:\/\/articles-img.sftcdn.net\/auto-mapping-folder\/sites\/9\/2012\/01\/image-in-143-290x127.png 290w\" sizes=\"auto, (max-width: 600px) 100vw, 600px\" \/><\/a><\/p>\n<p>La superposition de la photo de profil sur la couverture du Journal laisse une belle place \u00e0 la cr\u00e9ativit\u00e9. Pour personnaliser votre nouveau profil Facebook, Softonic vous propose <a title=\"T\u00e9l\u00e9charger 20 photos de couverture pour la Timeline Facebook\" href=\"http:\/\/couvertures-facebook.softonic.fr\/\" target=\"_blank\" rel=\"noopener noreferrer\">une s\u00e9lection gratuite de 20 photos de couverture<\/a> \u00e0 ne pas manquer. <strong>Angry Birds, GTA, Les Sims<\/strong> : la r\u00e9daction s&#8217;est inspir\u00e9e des derniers jeux vid\u00e9os \u00e0 la mode mais \u00e9galement d&#8217;images insolites ou dr\u00f4les.<\/p>\n<p><a href=\"http:\/\/couvertures-facebook.softonic.fr\/\"><img loading=\"lazy\" decoding=\"async\" class=\"aligncenter size-large wp-image-20863\" title=\"Nouveau profil Facebook\" src=\"https:\/\/articles-img.sftcdn.net\/sft\/articles\/auto-mapping-folder\/sites\/9\/2006\/01\/image-in-3-600x341.png\" alt=\"Timeline Facebook Softonic\" width=\"600\" height=\"341\" srcset=\"https:\/\/articles-img.sftcdn.net\/auto-mapping-folder\/sites\/9\/2006\/01\/image-in-3-600x341.png 600w, https:\/\/articles-img.sftcdn.net\/auto-mapping-folder\/sites\/9\/2006\/01\/image-in-3-290x165.png 290w, https:\/\/articles-img.sftcdn.net\/auto-mapping-folder\/sites\/9\/2006\/01\/image-in-3.png 855w\" sizes=\"auto, (max-width: 600px) 100vw, 600px\" \/><\/a><\/p>\n<p><em>N&#8217;h\u00e9sitez pas \u00e0 partager avec nous vos plus belles cr\u00e9ations sur <\/em><a title=\"Suivez-nous sur Facebook Softonic\" href=\"https:\/\/www.facebook.com\/Softonicfr\" target=\"_blank\" rel=\"noopener noreferrer\"><em>notre page Facebook<\/em><\/a>.<\/p>\n","protected":false},"excerpt":{"rendered":"<p>Encore en d\u00e9ploiement, le nouveau Journal de Facebook reprend toutes vos publications sous forme de frise chronologique. Pour ceux qui ne l&#8217;auraient pas encore activ\u00e9, il vous suffit de cliquer sur le bouton &#8220;Utiliser le journal&#8221; sur la page officielle de la Timeline. Initialement con\u00e7ue pour simplifier la consultation des profils, la nouvelle Timeline de &hellip; <a href=\"https:\/\/cms-articles.softonic.io\/fr\/personnaliser-journal-facebook\/\" class=\"more-link\">Continue reading<span class=\"screen-reader-text\"> &#8220;20 photos de couverture pour personnaliser la Timeline de Facebook&#8221;<\/span><\/a><\/p>\n","protected":false},"author":8016,"featured_media":80887,"comment_status":"open","ping_status":"open","sticky":false,"template":"","format":"standard","meta":{"footnotes":"","wpcf-pageviews":0},"categories":[1],"tags":[16783,2735,2736,156,11,2228,2738,2737,2734,2739,2740,2227,6],"usertag":[],"vertical":[],"content-category":[],"class_list":["post-20856","post","type-post","status-publish","format-standard","has-post-thumbnail","hentry","category-uncategorized","tag-app-subdomain-redirectionfacebook","tag-couverture-facebook","tag-couvertures-facebook-softonic","tag-facebook","tag-mac","tag-nouvelle-timeline-facebook","tag-page-couverture-facebook","tag-personnaliser-couverture-facebook","tag-personnaliser-facebook","tag-personnaliser-page-facebook","tag-personnaliser-timeline-facebook","tag-timeline-facebook","tag-windows"],"aioseo_notices":[],"_links":{"self":[{"href":"https:\/\/cms-articles.softonic.io\/fr\/wp-json\/wp\/v2\/posts\/20856","targetHints":{"allow":["GET"]}}],"collection":[{"href":"https:\/\/cms-articles.softonic.io\/fr\/wp-json\/wp\/v2\/posts"}],"about":[{"href":"https:\/\/cms-articles.softonic.io\/fr\/wp-json\/wp\/v2\/types\/post"}],"author":[{"embeddable":true,"href":"https:\/\/cms-articles.softonic.io\/fr\/wp-json\/wp\/v2\/users\/8016"}],"replies":[{"embeddable":true,"href":"https:\/\/cms-articles.softonic.io\/fr\/wp-json\/wp\/v2\/comments?post=20856"}],"version-history":[{"count":1,"href":"https:\/\/cms-articles.softonic.io\/fr\/wp-json\/wp\/v2\/posts\/20856\/revisions"}],"predecessor-version":[{"id":164643,"href":"https:\/\/cms-articles.softonic.io\/fr\/wp-json\/wp\/v2\/posts\/20856\/revisions\/164643"}],"wp:featuredmedia":[{"embeddable":true,"href":"https:\/\/cms-articles.softonic.io\/fr\/wp-json\/wp\/v2\/media\/80887"}],"wp:attachment":[{"href":"https:\/\/cms-articles.softonic.io\/fr\/wp-json\/wp\/v2\/media?parent=20856"}],"wp:term":[{"taxonomy":"category","embeddable":true,"href":"https:\/\/cms-articles.softonic.io\/fr\/wp-json\/wp\/v2\/categories?post=20856"},{"taxonomy":"post_tag","embeddable":true,"href":"https:\/\/cms-articles.softonic.io\/fr\/wp-json\/wp\/v2\/tags?post=20856"},{"taxonomy":"usertag","embeddable":true,"href":"https:\/\/cms-articles.softonic.io\/fr\/wp-json\/wp\/v2\/usertag?post=20856"},{"taxonomy":"vertical","embeddable":true,"href":"https:\/\/cms-articles.softonic.io\/fr\/wp-json\/wp\/v2\/vertical?post=20856"},{"taxonomy":"content-category","embeddable":true,"href":"https:\/\/cms-articles.softonic.io\/fr\/wp-json\/wp\/v2\/content-category?post=20856"}],"curies":[{"name":"wp","href":"https:\/\/api.w.org\/{rel}","templated":true}]}}