{"id":21289,"date":"2012-02-03T08:49:40","date_gmt":"2012-02-03T07:49:40","guid":{"rendered":"http:\/\/onsoftware.softonic.fr\/?p=21289"},"modified":"2025-06-12T13:17:43","modified_gmt":"2025-06-12T12:17:43","slug":"presidentielle-2012-10-applications-en-ligne-pour-suivre-les-elections","status":"publish","type":"post","link":"https:\/\/cms-articles.softonic.io\/fr\/presidentielle-2012-10-applications-en-ligne-pour-suivre-les-elections\/","title":{"rendered":"Pr\u00e9sidentielle 2012 : 12 applications en ligne pour suivre les \u00e9lections !"},"content":{"rendered":"<p style=\"text-align: left\">L\u2019\u00e9lection pr\u00e9sidentielle est le rendez-vous d\u00e9mocratique majeur en France. <strong>Pour suivre au plus pr\u00e8s la Pr\u00e9sidentielle 2012, Softonic vous propose 12 applications disponibles depuis votre navigateur.<\/strong> Elles vous fournissent une lecture originale de l\u2019\u00e9lection.<br \/>\n<a href=\"http:\/\/presidentielles.haploid.fr\"><img loading=\"lazy\" decoding=\"async\" class=\"aligncenter size-full wp-image-21399\" style=\"margin-top: 5px;margin-bottom: 5px\" title=\"bandeau du haut\" src=\"https:\/\/articles-img.sftcdn.net\/sft\/articles\/auto-mapping-folder\/sites\/9\/2012\/02\/bandeau-du-haut.jpg\" alt=\"\" width=\"600\" height=\"71\" srcset=\"https:\/\/articles-img.sftcdn.net\/auto-mapping-folder\/sites\/9\/2012\/02\/bandeau-du-haut.jpg 600w, https:\/\/articles-img.sftcdn.net\/auto-mapping-folder\/sites\/9\/2012\/02\/bandeau-du-haut-290x34.jpg 290w\" sizes=\"auto, (max-width: 600px) 100vw, 600px\" \/><\/a><br \/>\nPeut-\u00eatre jamais une \u00e9lection pr\u00e9sidentielle n\u2019a \u00e9t\u00e9 aussi ouverte. Derri\u00e8re <strong>Fran\u00e7ois Hollande<\/strong>, candidat du Parti socialiste et en t\u00eate dans les sondages, rien n\u2019est fait. Si le Pr\u00e9sident sortant, <strong>Nicolas Sarkozy<\/strong>, ne s\u2019est toujours pas d\u00e9clar\u00e9, il demeure en deuxi\u00e8me position dans les enqu\u00eates d\u2019opinion mais se fait talonner de plus en plus par <strong>Marine Le Pen<\/strong> (FN) et <strong>Fran\u00e7ois Bayrou<\/strong> (Modem). Les r\u00e9sultats risquent d\u2019\u00eatre incertains jusqu\u2019au jour!<\/p>\n<p>Plusieurs applications en ligne sont disponibles pour suivre les temps forts de la <strong>Pr\u00e9sidentielle 2012<\/strong>, pour conna\u00eetre les candidats et leur programme, pour directement les interpeller sur les r\u00e9seaux sociaux. <strong>Voici un tour d\u2019horizon pour faire votre choix!<\/strong><\/p>\n<h3><strong>1. <a title=\"Je vote qui en 2012\" href=\"http:\/\/www.jevotequien2012.fr\/\" target=\"_blank\" rel=\"noopener noreferrer\">Jevotequien2012.fr<\/a><\/strong><\/h3>\n<p>Quel candidat vous repr\u00e9sente le plus\u00a0? C\u2019est \u00e0 cette question que tente de r\u00e9pondre cette application sous la forme d\u2019un questionnaire en ligne de <strong>13 questions<\/strong>. Ce test ne demande aucune inscription en ligne.<\/p>\n<p>A la suite des 13 questions et selon vos r\u00e9ponses, votre candidat va appara\u00eetre. Vous pouvez refaire le test car les questions sont prises au hasard tout en garantissant l&#8217;\u00e9galit\u00e9 des chances pour chaque parti. Des statistiques sont disponibles. Plus de 75 000 personnes ont d\u00e9j\u00e0 r\u00e9alis\u00e9 ce test.<br \/>\n<a href=\"http:\/\/www.jevotequien2012.fr\/\"><img loading=\"lazy\" decoding=\"async\" class=\"aligncenter size-full wp-image-21381\" title=\"Je vote pour qui en 2012\" src=\"https:\/\/articles-img.sftcdn.net\/sft\/articles\/auto-mapping-folder\/sites\/9\/2012\/02\/Je-vote-pour-qui-en-2012.jpg\" alt=\"Je vote pour qui en 2012\" width=\"600\" height=\"364\" srcset=\"https:\/\/articles-img.sftcdn.net\/auto-mapping-folder\/sites\/9\/2012\/02\/Je-vote-pour-qui-en-2012.jpg 600w, https:\/\/articles-img.sftcdn.net\/auto-mapping-folder\/sites\/9\/2012\/02\/Je-vote-pour-qui-en-2012-290x175.jpg 290w\" sizes=\"auto, (max-width: 600px) 100vw, 600px\" \/><\/a><br \/>\n<!--more--><\/p>\n<h3><strong>2. <a title=\"Si j'\u00e9tais Pr\u00e9sident 2012\" href=\"http:\/\/www.sijetaispresident2012.fr\" target=\"_blank\" rel=\"noopener noreferrer\">Sijetaispresident2012.fr<\/a><\/strong><\/h3>\n<p>Si vous \u00e9tiez Pr\u00e9sident, que feriez-vous\u00a0? En tout cas, cette application originale vous place dans le fauteuil du Pr\u00e9sident de la R\u00e9publique. De l\u00e0, vous avez acc\u00e8s \u00e0 une multitude d\u2019informations pr\u00e9sent\u00e9es d&#8217;une mani\u00e8re tr\u00e8s cr\u00e9ative.<\/p>\n<p>Cette application a \u00e9t\u00e9 mise en ligne par le <strong><a title=\"Site du journal Le Dauphin\u00e9 Lib\u00e9r\u00e9\" href=\"http:\/\/www.ledauphine.com\/\" target=\"_blank\" rel=\"noopener noreferrer\">Dauphin\u00e9 Lib\u00e9r\u00e9<\/a><\/strong> et par l\u2019<strong><a title=\"Ecole de Journalisme de Grenoble\" href=\"http:\/\/ecolejournalismegrenoble.wordpress.com\/\">\u00e9cole de Journalisme de Grenoble<\/a><\/strong>. Le Dauphine.com est un habitu\u00e9 des applications d\u00e9di\u00e9es \u00e0 la campagne pr\u00e9sidentielle. En 2007, ils avaient cr\u00e9\u00e9\u00a0<em>quelcandidat.com<\/em>.<\/p>\n<p><strong>Sijetaispresident2012.fr<\/strong> propose une visualisation de l&#8217;information tr\u00e8s riche. Assur\u00e9ment l&#8217;application la plus originale!<\/p>\n<p><a href=\"http:\/\/www.sijetaispresident2012.fr\/\"><img loading=\"lazy\" decoding=\"async\" class=\"aligncenter size-large wp-image-21382\" title=\"sijetaispresident\" src=\"https:\/\/articles-img.sftcdn.net\/sft\/articles\/auto-mapping-folder\/sites\/9\/2012\/02\/sijetaispresident-600x385.jpg\" alt=\"Si j'\u00e9tais Pr\u00e9sident\" width=\"600\" height=\"385\" srcset=\"https:\/\/articles-img.sftcdn.net\/auto-mapping-folder\/sites\/9\/2012\/02\/sijetaispresident-600x385.jpg 600w, https:\/\/articles-img.sftcdn.net\/auto-mapping-folder\/sites\/9\/2012\/02\/sijetaispresident-290x186.jpg 290w, https:\/\/articles-img.sftcdn.net\/auto-mapping-folder\/sites\/9\/2012\/02\/sijetaispresident.jpg 1192w\" sizes=\"auto, (max-width: 600px) 100vw, 600px\" \/><\/a><\/p>\n<h3><strong>3. <a title=\"Programme 140\" href=\"http:\/\/www.programme140.fr\/\" target=\"_blank\" rel=\"noopener noreferrer\">Programme140.fr<\/a><\/strong><\/h3>\n<p>Programme140.fr nous promet toute<strong> la campagne en 140 signes<\/strong>. Cette application s\u2019appuie sur <strong>Twitter<\/strong> pour confronter les points de vue des candidats.\u00a0 Les tweets des candidats sont tri\u00e9s par th\u00e8me et ensuite par question. Avec Programme140.fr, vous pouvez comparer les r\u00e9ponses que les candidats ont ainsi publi\u00e9es sur leur compte Twitter pour chaque question.<\/p>\n<p>Vous pouvez aussi visualiser les tweets d\u2019un candidat en particulier. Enfin, vous pouvez activement participer au d\u00e9bat. Si un tweet de l\u2019un des candidats r\u00e9pond \u00e0 une question pos\u00e9e, vous pouvez la proposer sur l\u2019application. L\u2019<strong>aspect collaboratif<\/strong> ne s\u2019arr\u00eate pas l\u00e0 car vous pouvez aussi directement poser la question au candidat de votre choix \u00e0 partir de Programme140.fr. Pour le Pr\u00e9sident sortant, pas encore officiellement candidat, c&#8217;est le compte du comit\u00e9 de soutien pour sa candidature qui fait pour l&#8217;instant office de compte officiel.<\/p>\n<p><a href=\"http:\/\/www.programme140.fr\/\"><img loading=\"lazy\" decoding=\"async\" class=\"aligncenter size-large wp-image-21383\" title=\"programme140\" src=\"https:\/\/articles-img.sftcdn.net\/sft\/articles\/auto-mapping-folder\/sites\/9\/2012\/02\/programme140-600x291.jpg\" alt=\"Programme140.fr\" width=\"600\" height=\"291\" srcset=\"https:\/\/articles-img.sftcdn.net\/auto-mapping-folder\/sites\/9\/2012\/02\/programme140-600x291.jpg 600w, https:\/\/articles-img.sftcdn.net\/auto-mapping-folder\/sites\/9\/2012\/02\/programme140-290x140.jpg 290w, https:\/\/articles-img.sftcdn.net\/auto-mapping-folder\/sites\/9\/2012\/02\/programme140.jpg 1230w\" sizes=\"auto, (max-width: 600px) 100vw, 600px\" \/><\/a><\/p>\n<h3><strong>4. <a title=\"Cher Pr\u00e9sident, Ch\u00e8re Pr\u00e9sidente\" href=\"http:\/\/cherpresident.yahoo.fr\/\" target=\"_blank\" rel=\"noopener noreferrer\">Cher Pr\u00e9sident, Ch\u00e8re Pr\u00e9sidente<\/a><\/strong><\/h3>\n<p><strong><em>Cher Pr\u00e9sident, Ch\u00e8re Pr\u00e9sidente<\/em><\/strong> est une application publi\u00e9e sur <strong>Yahoo! Actualit\u00e9s<\/strong> en collaboration avec la chaine d\u2019information continue <strong>iT\u00e9l\u00e9<\/strong>. Elle fonctionne comme une grande bo\u00eete \u00e0 id\u00e9es. Vous pouvez proposer une id\u00e9e que vous aimeriez inclure dans le programme d\u2019un candidat. Les utilisateurs votent ensuite sur la pertinence de votre proposition. Un classement s\u2019\u00e9tablit et vous pouvez m\u00eame devenir le gagnant de \u00ab\u00a0<strong>l\u2019id\u00e9e du mois<\/strong> \u00bb.<\/p>\n<p>Vous pouvez bien s\u00fbr r\u00e9agir aussi sur les id\u00e9es des autres et instaurer le d\u00e9bat. De nombreuses propositions semblent si \u00e9videntes qu\u2019on se demande pourquoi elles n\u2019ont pas encore \u00e9t\u00e9 appliqu\u00e9es. De quoi, esp\u00e9rons-le, inspirer les candidats\u2026<\/p>\n<p><a href=\"http:\/\/cherpresident.yahoo.fr\/\"><img loading=\"lazy\" decoding=\"async\" class=\"aligncenter size-large wp-image-21384\" title=\"cherpresident2012\" src=\"https:\/\/articles-img.sftcdn.net\/sft\/articles\/auto-mapping-folder\/sites\/9\/2012\/02\/cherpresident2012-600x294.jpg\" alt=\"Cher Pr\u00e9sident, Ch\u00e8re Pr\u00e9sidente\" width=\"600\" height=\"294\" srcset=\"https:\/\/articles-img.sftcdn.net\/auto-mapping-folder\/sites\/9\/2012\/02\/cherpresident2012-600x294.jpg 600w, https:\/\/articles-img.sftcdn.net\/auto-mapping-folder\/sites\/9\/2012\/02\/cherpresident2012-290x142.jpg 290w, https:\/\/articles-img.sftcdn.net\/auto-mapping-folder\/sites\/9\/2012\/02\/cherpresident2012.jpg 1040w\" sizes=\"auto, (max-width: 600px) 100vw, 600px\" \/><\/a><\/p>\n<h3><strong>5. <a title=\"Greenpeace.fr\/2012\" href=\"http:\/\/greenpeace.fr\/2012\/\" target=\"_blank\" rel=\"noopener noreferrer\">Greenpeace.fr\/2012<\/a><\/strong><\/h3>\n<p><a href=\"http:\/\/greenpeace.fr\/2012\/\"><img loading=\"lazy\" decoding=\"async\" class=\"size-full wp-image-21385 alignleft\" style=\"margin-left: 5px;margin-right: 5px\" title=\"greenpeace2012\" src=\"https:\/\/articles-img.sftcdn.net\/sft\/articles\/auto-mapping-folder\/sites\/9\/2012\/02\/greenpeace2012.jpg\" alt=\"\" width=\"300\" height=\"283\" srcset=\"https:\/\/articles-img.sftcdn.net\/auto-mapping-folder\/sites\/9\/2012\/02\/greenpeace2012.jpg 300w, https:\/\/articles-img.sftcdn.net\/auto-mapping-folder\/sites\/9\/2012\/02\/greenpeace2012-290x273.jpg 290w\" sizes=\"auto, (max-width: 300px) 100vw, 300px\" \/><\/a><strong>Greenpeace<\/strong> veut\u00a0\u00ab\u00a0s\u2019impliquer dans le d\u00e9bat sur les politiques \u00e9nerg\u00e9tiques et climatiques qui s\u2019est enclench\u00e9 depuis l\u2019accident nucl\u00e9aire de Fukushima\u00a0\u00bb selon ses propres termes. Pour cela, elle propose une application qui vous permet de mesurer l\u2019implication des candidats sur les questions \u00e9nerg\u00e9tiques et environnementales.<\/p>\n<p>Cet outil de repr\u00e9sentation permet de visualiser en un coup d\u2019\u0153il o\u00f9 se situent les candidats sur plusieurs th\u00e9matiques. Pour \u00e9laborer ce \u00ab\u00a0<strong>stress test <\/strong>\u00bb des candidats, Greenpeace assure suivre \u00a0\u00ab\u00a0<em>de pr\u00e8s lors les interventions r\u00e9centes ou moins r\u00e9centes des candidats, leurs propositions et les points de vue qu\u2019ils ont pu d\u00e9fendre sur les probl\u00e9matiques li\u00e9es \u00e0 l\u2019\u00e9nergie et au climat, r\u00e9alisant ainsi une premi\u00e8re \u00e9valuation de leur vision de l\u2019avenir \u00e9nerg\u00e9tique de la France.<\/em> \u00bb<\/p>\n<p>Selon leur r\u00e9ponse, les candidats sont class\u00e9s parmi trois cat\u00e9gories\u00a0: r\u00e9trogrades, attentiste ou engag\u00e9. Trois th\u00e9matiques sont disponibles pour l\u2019instant\u00a0: devenir du nucl\u00e9aire, production\/consommation fossiles, d\u00e9veloppement des alternatives.<\/p>\n<h3><strong>6. <a title=\"Youtube.com\/elections2012\" href=\"http:\/\/www.youtube.com\/elections2012\" target=\"_blank\" rel=\"noopener noreferrer\">Youtubes.com\/election2012<\/a><\/strong><\/h3>\n<p><strong>Youtube<\/strong> a d\u00e9velopp\u00e9 un espace d\u00e9di\u00e9 en collaboration avec le <strong>CFJ <\/strong>(Centre de Formation des Journalistes, l&#8217;<strong>AFP<\/strong> et <strong>Twitter<\/strong>). Le principe est de regrouper dans un seul endroit les vid\u00e9os disponibles sur Youtube et qui concerne l\u2019\u00e9lection pr\u00e9sidentielle 2012.<\/p>\n<p>Avec une ergonomie soign\u00e9e, vous pouvez facilement suivre les interventions de votre candidat pr\u00e9f\u00e9r\u00e9. Youtube vous donne aussi la possibilit\u00e9 de laisser un commentaire \u00e0 la suite de la vid\u00e9o que vous avez visionn\u00e9e. Bref, Youtube veut devenir avec cette application <strong>la t\u00e9l\u00e9vision des \u00e9lections<\/strong>!<\/p>\n<p><a href=\"http:\/\/www.youtube.com\/elections2012\"><img loading=\"lazy\" decoding=\"async\" class=\"aligncenter size-full wp-image-21388\" title=\"Youtube-2012\" src=\"https:\/\/articles-img.sftcdn.net\/sft\/articles\/auto-mapping-folder\/sites\/9\/2012\/02\/Youtube-2012.jpg\" alt=\"\" width=\"600\" height=\"295\" srcset=\"https:\/\/articles-img.sftcdn.net\/auto-mapping-folder\/sites\/9\/2012\/02\/Youtube-2012.jpg 600w, https:\/\/articles-img.sftcdn.net\/auto-mapping-folder\/sites\/9\/2012\/02\/Youtube-2012-290x142.jpg 290w\" sizes=\"auto, (max-width: 600px) 100vw, 600px\" \/><\/a><\/p>\n<p>Vous pouvez aussi d\u00e9couvrir sur cet espace les applications gagnantes du <strong><a title=\"Concours Dataviz lanc\u00e9 par Google\" href=\"https:\/\/sites.google.com\/site\/concoursdataviz2012\/\" target=\"_blank\" rel=\"noopener noreferrer\">concours Google<\/a><\/strong> de visualisation de donn\u00e9es &#8211; Elections 2012 dont certaines sont dans notre liste ci-dessous.<\/p>\n<h3><strong>7. <a title=\"Bubble-t\" href=\"http:\/\/dev.fabelier.org\/bubble-t\/\" target=\"_blank\" rel=\"noopener noreferrer\">Bubble-t<\/a><\/strong><\/h3>\n<p>Et si Twitter votait\u00a0? C\u2019est par cette promesse que se d\u00e9couvre cette amusante application qui se base sur les tweets en relation avec les candidats pour proposer une visualisation originale. Les tweets sont dispos\u00e9s sous la forme de bulles qui se regroupent sur une frise chronologique.<\/p>\n<p>Dans chaque bulle, vous apercevez l\u2019image du profile de la personne qui a tweet\u00e9 le message. Et en passant le curseur de votre souris sur la bulle, le message apparait. Les bulles sont ensuite r\u00e9unies par candidat. Un jolie graphique vous montre ainsi l\u2019activit\u00e9 de la twittosph\u00e8re pour chaque candidat.<\/p>\n<h3><strong>8. <a title=\"Tematweet\" href=\"http:\/\/presidentielles-dataviz.cloudfoundry.com\/\" target=\"_blank\" rel=\"noopener noreferrer\">TemaTweet<\/a><\/strong><\/h3>\n<p>Comme Bubble-t, <strong>TemaTweet 2012<\/strong> s\u2019appuie sur les messages publi\u00e9s sur Twitter pour proposer une repr\u00e9sentation\u00a0 tr\u00e8s visuelle des th\u00e9matiques de campagne des candidats. Gr\u00e2ce \u00e0 un traitement automatique, les tweets sont classifi\u00e9s selon un ensemble de th\u00e8mes pr\u00e9d\u00e9finis. Puis un certain nombre d&#8217;informations pertinentes sont extraites et repr\u00e9sent\u00e9es sous forme visuelle. Il s&#8217;agit d&#8217;une analyse du buzz autour des discours de chaque candidat, pour mieux comprendre la campagne.<\/p>\n<p>M\u00eame si l\u2019application est particuli\u00e8rement bien r\u00e9alis\u00e9e, il faut un certain temps pour comprendre la signification de certaines visualisations complexes. Un outil qui sera tr\u00e8s pr\u00e9cieux pour ceux qui veulent analyser en temps r\u00e9elle les th\u00e8mes \u00e0 la mode.<\/p>\n<p><a href=\"http:\/\/presidentielles-dataviz.cloudfoundry.com\/\"><img loading=\"lazy\" decoding=\"async\" class=\"aligncenter size-large wp-image-21392\" title=\"ThemaTweets 2012\" src=\"https:\/\/articles-img.sftcdn.net\/sft\/articles\/auto-mapping-folder\/sites\/9\/2012\/02\/ThemaTweets-2012-600x306.jpg\" alt=\"ThemaTweets 2012\" width=\"600\" height=\"306\" srcset=\"https:\/\/articles-img.sftcdn.net\/auto-mapping-folder\/sites\/9\/2012\/02\/ThemaTweets-2012-600x306.jpg 600w, https:\/\/articles-img.sftcdn.net\/auto-mapping-folder\/sites\/9\/2012\/02\/ThemaTweets-2012-290x148.jpg 290w, https:\/\/articles-img.sftcdn.net\/auto-mapping-folder\/sites\/9\/2012\/02\/ThemaTweets-2012.jpg 858w\" sizes=\"auto, (max-width: 600px) 100vw, 600px\" \/><\/a><\/p>\n<h3>9. <a title=\"Partie 2 campagne\" href=\"http:\/\/www.partie2campagne.fr\/\" target=\"_blank\" rel=\"noopener noreferrer\">Parti 2 campagne<\/a><\/h3>\n<p>Encore une application qui s\u2019appuie sur les tweets des candidats et la \u00ab\u00a0<strong>data visualization<\/strong> \u00bb. L\u00e0 aussi, le but est de comparer les discours des candidats avec les r\u00e9actions de la presse et de d\u00e9tecter les tendances.<\/p>\n<p>Vous \u00eates dans les jardins de l\u2019Elys\u00e9e et un nuage de tags appara\u00eet. Vous cliquez sur un terme dans le nuage et\u00a0appara\u00eetra\u00a0une carte interactive de tous les th\u00e8mes li\u00e9s.<\/p>\n<p>Ensuite, pour analyser le parcours m\u00e9diatique des candidats, l\u2019utilisateur pourra cliquer sur les th\u00e9matiques et comprendre leur apparition sur le Web. Une application un peu complexe et qui manque de donn\u00e9es pour l&#8217;instant mais qui au fil de la campagne \u00e9lectorale pourrait \u00eatre tr\u00e8s int\u00e9ressante.<\/p>\n<p>Bonne id\u00e9e de l&#8217;application, elle vous permet d&#8217;acc\u00e9der aux analyses, documents et vid\u00e9os sources. Enfin vous pouvez partager vos cartes\u2026 sur Twitter bien s\u00fbr.<\/p>\n<h3>10.\u00a0<a title=\"Retwhit 2012\" href=\"http:\/\/par-la-fenetre.net\/retwhit2012\/\" target=\"_blank\" rel=\"noopener noreferrer\">Retwhit 2012<\/a><\/h3>\n<p><strong>Quel politique twitte le mieux<\/strong> ? C\u2019est la question \u00e0 laquelle tente de r\u00e9pondre cette application qui se base elle aussi sur les tweets des candidats uniquement. Chaque parti politique est repr\u00e9sent\u00e9 par une petite boule de couleur. Sur une frise chronologique, vous pouvez ainsi voir chaque jour la repr\u00e9sentation graphique des messages des candidats.<\/p>\n<p>Vous d\u00e9couvrez aussi le classement des tweets de la semaine (ceux qui ont \u00e9t\u00e9 le plus retweet\u00e9s),\u00a0 le top hebdomadaire et mensuel des comptes Twitter des candidats les plus actifs.<\/p>\n<p><a href=\"http:\/\/par-la-fenetre.net\/retwhit2012\/\"><img loading=\"lazy\" decoding=\"async\" class=\"aligncenter size-large wp-image-21393\" title=\"retwhit-2012\" src=\"https:\/\/articles-img.sftcdn.net\/sft\/articles\/auto-mapping-folder\/sites\/9\/2012\/02\/retwhit-2012-600x467.jpg\" alt=\"Retwhit 2012\" width=\"600\" height=\"467\" srcset=\"https:\/\/articles-img.sftcdn.net\/auto-mapping-folder\/sites\/9\/2012\/02\/retwhit-2012-600x467.jpg 600w, https:\/\/articles-img.sftcdn.net\/auto-mapping-folder\/sites\/9\/2012\/02\/retwhit-2012-290x225.jpg 290w, https:\/\/articles-img.sftcdn.net\/auto-mapping-folder\/sites\/9\/2012\/02\/retwhit-2012.jpg 985w\" sizes=\"auto, (max-width: 600px) 100vw, 600px\" \/><\/a><\/p>\n<h3>11. <a title=\"Qui sera parachut\u00e9 \u00e0 l'\u00e9lys\u00e9e\" href=\"http:\/\/presidentielles.haploid.fr\/\" target=\"_blank\" rel=\"noopener noreferrer\">Qui sera parachut\u00e9 \u00e0 l\u2019Elys\u00e9e ?<\/a><\/h3>\n<p><strong> <\/strong><br \/>\n<a href=\"http:\/\/presidentielles.haploid.fr\/\"><img loading=\"lazy\" decoding=\"async\" class=\"size-full wp-image-21396 alignleft\" style=\"margin-left: 5px;margin-right: 5px\" title=\"Qui sera parachut\u00e9\" src=\"https:\/\/articles-img.sftcdn.net\/sft\/articles\/auto-mapping-folder\/sites\/9\/2012\/02\/Qui-sera-parachut\u00e9.jpg\" alt=\"\" width=\"300\" height=\"208\" srcset=\"https:\/\/articles-img.sftcdn.net\/auto-mapping-folder\/sites\/9\/2012\/02\/Qui-sera-parachut\u00e9.jpg 300w, https:\/\/articles-img.sftcdn.net\/auto-mapping-folder\/sites\/9\/2012\/02\/Qui-sera-parachut\u00e9-290x201.jpg 290w\" sizes=\"auto, (max-width: 300px) 100vw, 300px\" \/><\/a>Con\u00e7u par <a title=\"Haploid\" href=\"http:\/\/www.haploid.fr\/\" target=\"_blank\" rel=\"noopener noreferrer\">Haploid<\/a> , <em><strong>Qui sera parachut\u00e9 \u00e0 l\u2019Elys\u00e9e ?<\/strong><\/em> est une application vraiment originale ayant pour but de visualiser \u00e0 travers une timeline interactive l\u2019\u00e9volution de l\u2019univers de la campagne pr\u00e9sidentielle vue par le r\u00e9seau social Twitter utilis\u00e9 par tous les candidats.\u00a0Repr\u00e9sent\u00e9s par <strong>des parachutes<\/strong>, les candidats \u00e9voluent dans l\u2019univers de la pr\u00e9sidentielle en fonction de leurs affinit\u00e9s avec les diff\u00e9rentes plan\u00e8tes (sujets) qui font la campagne. Pour cela, on utilise pour chaque parachute deux flux Twitter : le flux du candidat et celui de son parti.<\/p>\n<h3>12. <a title=\"La cartographie de la blogosph\u00e8re politique - Le Monde\" href=\"http:\/\/www.lemonde.fr\/election-presidentielle-2012\/visuel\/2011\/07\/04\/la-cartographie-de-la-blogosphere-politique_1544714_1471069.html\" target=\"_blank\" rel=\"noopener noreferrer\">La cartographie de la blogosph\u00e8re politique<\/a><\/h3>\n<p><strong>Le Monde<\/strong> propose une cartographique interactive de la blogosph\u00e8re politique. <strong>1035 sites et blogs sont r\u00e9pertori\u00e9s<\/strong>. Pour chaque site, vous pouvez d\u00e9couvrir les liens qu&#8217;il entretien avec les autres sites. Chaque blog est repr\u00e9sent\u00e9 par un point de la couleur qui correspond \u00e0 son orientation politique. Plus le point est gros, plus le site est influent.<\/p>\n<p>Vous pouvez aussi d\u00e9couvrir un tour d&#8217;horizon des dispositifs propos\u00e9s sur les sites d&#8217;infos pour couvrir la campagne 2012 en lisant cet article <strong><a title=\"Comment les sites d'infos couvrent les \u00e9lections ?\" href=\"http:\/\/www.erwanngaucher.com\/080220122012--les-medias-partent-en-campagne-sur-le-web,1.media?a=804\" target=\"_blank\" rel=\"noopener noreferrer\">Erwan Gaucher<\/a><\/strong>. Un autre article sur Locita propose une liste de\u00a0<a title=\"lire l'article sur Locita\" href=\"http:\/\/fr.locita.com\/technologie-2\/web\/5-outils-web-pour-choisir-votre-candidat-aux-presidentielles-2012\/\" target=\"_blank\" rel=\"noopener noreferrer\"><strong>5 outils web pour choisir votre candidat<\/strong><\/a> aux pr\u00e9sidentielles 2012.<\/p>\n<p style=\"text-align: center\"><strong>Et vous, \u00a0connaissez-vous d\u2019autres applications web originales sur la campagne \u00e9lectorale ?<\/strong><\/p>\n","protected":false},"excerpt":{"rendered":"<p>L\u2019\u00e9lection pr\u00e9sidentielle est le rendez-vous d\u00e9mocratique majeur en France. Pour suivre au plus pr\u00e8s la Pr\u00e9sidentielle 2012, Softonic vous propose 12 applications disponibles depuis votre navigateur. Elles vous fournissent une lecture originale de l\u2019\u00e9lection. Peut-\u00eatre jamais une \u00e9lection pr\u00e9sidentielle n\u2019a \u00e9t\u00e9 aussi ouverte. Derri\u00e8re Fran\u00e7ois Hollande, candidat du Parti socialiste et en t\u00eate dans les &hellip; <a href=\"https:\/\/cms-articles.softonic.io\/fr\/presidentielle-2012-10-applications-en-ligne-pour-suivre-les-elections\/\" class=\"more-link\">Continue reading<span class=\"screen-reader-text\"> &#8220;Pr\u00e9sidentielle 2012 : 12 applications en ligne pour suivre les \u00e9lections !&#8221;<\/span><\/a><\/p>\n","protected":false},"author":8018,"featured_media":0,"comment_status":"open","ping_status":"open","sticky":false,"template":"","format":"standard","meta":{"footnotes":"","wpcf-pageviews":0},"categories":[1],"tags":[2833,165,2834,2838,2832,2836,2823,2825,2829,2826,2831,2828,2827,2824,2822,2837,2835,2830,434,1666],"usertag":[],"vertical":[],"content-category":[],"class_list":["post-21289","post","type-post","status-publish","format-standard","hentry","category-uncategorized","tag-afp","tag-application","tag-bubble-t","tag-campagne-electorale","tag-cfj","tag-data-vivualization","tag-election","tag-election-2012","tag-francois-bayrou","tag-francois-hollande","tag-greenpeace","tag-marine-le-pen","tag-nicolas-sarkozy","tag-president-de-la-republique","tag-presidentielle-2012","tag-retwhit-2012","tag-tematweet","tag-vote","tag-webapps","tag-youtube"],"aioseo_notices":[],"_links":{"self":[{"href":"https:\/\/cms-articles.softonic.io\/fr\/wp-json\/wp\/v2\/posts\/21289","targetHints":{"allow":["GET"]}}],"collection":[{"href":"https:\/\/cms-articles.softonic.io\/fr\/wp-json\/wp\/v2\/posts"}],"about":[{"href":"https:\/\/cms-articles.softonic.io\/fr\/wp-json\/wp\/v2\/types\/post"}],"author":[{"embeddable":true,"href":"https:\/\/cms-articles.softonic.io\/fr\/wp-json\/wp\/v2\/users\/8018"}],"replies":[{"embeddable":true,"href":"https:\/\/cms-articles.softonic.io\/fr\/wp-json\/wp\/v2\/comments?post=21289"}],"version-history":[{"count":1,"href":"https:\/\/cms-articles.softonic.io\/fr\/wp-json\/wp\/v2\/posts\/21289\/revisions"}],"predecessor-version":[{"id":168128,"href":"https:\/\/cms-articles.softonic.io\/fr\/wp-json\/wp\/v2\/posts\/21289\/revisions\/168128"}],"wp:attachment":[{"href":"https:\/\/cms-articles.softonic.io\/fr\/wp-json\/wp\/v2\/media?parent=21289"}],"wp:term":[{"taxonomy":"category","embeddable":true,"href":"https:\/\/cms-articles.softonic.io\/fr\/wp-json\/wp\/v2\/categories?post=21289"},{"taxonomy":"post_tag","embeddable":true,"href":"https:\/\/cms-articles.softonic.io\/fr\/wp-json\/wp\/v2\/tags?post=21289"},{"taxonomy":"usertag","embeddable":true,"href":"https:\/\/cms-articles.softonic.io\/fr\/wp-json\/wp\/v2\/usertag?post=21289"},{"taxonomy":"vertical","embeddable":true,"href":"https:\/\/cms-articles.softonic.io\/fr\/wp-json\/wp\/v2\/vertical?post=21289"},{"taxonomy":"content-category","embeddable":true,"href":"https:\/\/cms-articles.softonic.io\/fr\/wp-json\/wp\/v2\/content-category?post=21289"}],"curies":[{"name":"wp","href":"https:\/\/api.w.org\/{rel}","templated":true}]}}