{"id":38589,"date":"2013-01-30T17:34:14","date_gmt":"2013-01-30T16:34:14","guid":{"rendered":"http:\/\/onsoftware.softonic.fr\/?p=38589"},"modified":"2025-06-12T13:05:27","modified_gmt":"2025-06-12T12:05:27","slug":"2013-01-30-alicia-keys-aime-blackberry-10","status":"publish","type":"post","link":"https:\/\/cms-articles.softonic.io\/fr\/2013-01-30-alicia-keys-aime-blackberry-10\/","title":{"rendered":"Alicia Keys rejoint les \u00e9quipes de BlackBerry 10!"},"content":{"rendered":"<p>A l&#8217;occasion de la pr\u00e9sentation de<a href=\"http:\/\/onsoftware.softonic.fr\/2013-01-30-blackberry-10-est-disponible-tour-dhorizon-des-nouveautes\" target=\"_self\" rel=\"noopener noreferrer\"><strong> BlackBerry 10<\/strong><\/a> \u00e0 Londres, <strong>Alicia Keys<\/strong> est venue apporter publiquement son soutien et son attachement \u00e0 BlackBerry. L&#8217;entreprise canadienne en a m\u00eame profit\u00e9 pour annoncer son r\u00f4le de Directrice de la cr\u00e9ation au sein de la firme.<\/p>\n<p>Sa pr\u00e9sence dans les publicit\u00e9s et son amour (sinc\u00e8re?) affich\u00e9 pour le nouveau syst\u00e8me d&#8217;exploitation mobile de BlackBerry aidera peut-\u00eatre \u00e0 convaincre certains utilisateurs de (re)venir en tant que client BlackBerry.<\/p>\n<p><img loading=\"lazy\" decoding=\"async\" class=\"aligncenter size-large wp-image-38590\" title=\"Alicia Keys et BlackBerry\" src=\"https:\/\/articles-img.sftcdn.net\/sft\/articles\/auto-mapping-folder\/sites\/9\/2013\/01\/Alicia-Keys-600x396.jpg\" alt=\"\" width=\"430\" height=\"283\" srcset=\"https:\/\/articles-img.sftcdn.net\/auto-mapping-folder\/sites\/9\/2013\/01\/Alicia-Keys-600x396.jpg 600w, https:\/\/articles-img.sftcdn.net\/auto-mapping-folder\/sites\/9\/2013\/01\/Alicia-Keys-120x80.jpg 120w, https:\/\/articles-img.sftcdn.net\/auto-mapping-folder\/sites\/9\/2013\/01\/Alicia-Keys-290x191.jpg 290w, https:\/\/articles-img.sftcdn.net\/auto-mapping-folder\/sites\/9\/2013\/01\/Alicia-Keys.jpg 640w\" sizes=\"auto, (max-width: 430px) 100vw, 430px\" \/><!--more--><\/p>\n<p><img loading=\"lazy\" decoding=\"async\" class=\"aligncenter size-full wp-image-38593\" title=\"Alicia Keys - BlackBerry\" src=\"https:\/\/articles-img.sftcdn.net\/sft\/articles\/auto-mapping-folder\/sites\/9\/2013\/01\/photo.jpg\" alt=\"\" width=\"430\" height=\"270\" srcset=\"https:\/\/articles-img.sftcdn.net\/auto-mapping-folder\/sites\/9\/2013\/01\/photo.jpg 428w, https:\/\/articles-img.sftcdn.net\/auto-mapping-folder\/sites\/9\/2013\/01\/photo-290x182.jpg 290w\" sizes=\"auto, (max-width: 430px) 100vw, 430px\" \/><\/p>\n<p>Alicia Keys a indiqu\u00e9 vouloir travailler en \u00e9troite collaboration avec les d\u00e9veloppeurs, les designers et les \u00e9quipes de marketing pour aider au succ\u00e8s de BlackBerry 10. Affaire \u00e0 suivre!<\/p>\n","protected":false},"excerpt":{"rendered":"<p>A l&#8217;occasion de la pr\u00e9sentation de BlackBerry 10 \u00e0 Londres, Alicia Keys est venue apporter publiquement son soutien et son attachement \u00e0 BlackBerry. L&#8217;entreprise canadienne en a m\u00eame profit\u00e9 pour annoncer son r\u00f4le de Directrice de la cr\u00e9ation au sein de la firme. Sa pr\u00e9sence dans les publicit\u00e9s et son amour (sinc\u00e8re?) affich\u00e9 pour le &hellip; <a href=\"https:\/\/cms-articles.softonic.io\/fr\/2013-01-30-alicia-keys-aime-blackberry-10\/\" class=\"more-link\">Continue reading<span class=\"screen-reader-text\"> &#8220;Alicia Keys rejoint les \u00e9quipes de BlackBerry 10!&#8221;<\/span><\/a><\/p>\n","protected":false},"author":8020,"featured_media":0,"comment_status":"open","ping_status":"open","sticky":false,"template":"","format":"standard","meta":{"footnotes":"","wpcf-pageviews":0},"categories":[1],"tags":[5297,5296,31,5285,5291,5292,5294,5295,5298,5290,4893,5289,5293],"usertag":[],"vertical":[],"content-category":[],"class_list":["post-38589","post","type-post","status-publish","format-standard","hentry","category-uncategorized","tag-alicia","tag-alicia-keys","tag-blackberry","tag-blackberry-10","tag-blackberry-os","tag-blackberry-telephones","tag-histoire-blackberry","tag-historique-blackberry","tag-keys","tag-nouveau-blackberry","tag-rim","tag-rim-blackberry","tag-smartphones-balckberry"],"aioseo_notices":[],"_links":{"self":[{"href":"https:\/\/cms-articles.softonic.io\/fr\/wp-json\/wp\/v2\/posts\/38589","targetHints":{"allow":["GET"]}}],"collection":[{"href":"https:\/\/cms-articles.softonic.io\/fr\/wp-json\/wp\/v2\/posts"}],"about":[{"href":"https:\/\/cms-articles.softonic.io\/fr\/wp-json\/wp\/v2\/types\/post"}],"author":[{"embeddable":true,"href":"https:\/\/cms-articles.softonic.io\/fr\/wp-json\/wp\/v2\/users\/8020"}],"replies":[{"embeddable":true,"href":"https:\/\/cms-articles.softonic.io\/fr\/wp-json\/wp\/v2\/comments?post=38589"}],"version-history":[{"count":1,"href":"https:\/\/cms-articles.softonic.io\/fr\/wp-json\/wp\/v2\/posts\/38589\/revisions"}],"predecessor-version":[{"id":167565,"href":"https:\/\/cms-articles.softonic.io\/fr\/wp-json\/wp\/v2\/posts\/38589\/revisions\/167565"}],"wp:attachment":[{"href":"https:\/\/cms-articles.softonic.io\/fr\/wp-json\/wp\/v2\/media?parent=38589"}],"wp:term":[{"taxonomy":"category","embeddable":true,"href":"https:\/\/cms-articles.softonic.io\/fr\/wp-json\/wp\/v2\/categories?post=38589"},{"taxonomy":"post_tag","embeddable":true,"href":"https:\/\/cms-articles.softonic.io\/fr\/wp-json\/wp\/v2\/tags?post=38589"},{"taxonomy":"usertag","embeddable":true,"href":"https:\/\/cms-articles.softonic.io\/fr\/wp-json\/wp\/v2\/usertag?post=38589"},{"taxonomy":"vertical","embeddable":true,"href":"https:\/\/cms-articles.softonic.io\/fr\/wp-json\/wp\/v2\/vertical?post=38589"},{"taxonomy":"content-category","embeddable":true,"href":"https:\/\/cms-articles.softonic.io\/fr\/wp-json\/wp\/v2\/content-category?post=38589"}],"curies":[{"name":"wp","href":"https:\/\/api.w.org\/{rel}","templated":true}]}}