{"id":43248,"date":"2013-03-22T10:52:59","date_gmt":"2013-03-22T09:52:59","guid":{"rendered":"http:\/\/onsoftware.softonic.fr\/?p=43248"},"modified":"2025-06-12T12:58:50","modified_gmt":"2025-06-12T11:58:50","slug":"2013-03-22-facebook-nouveau-systeme-commentaires","status":"publish","type":"post","link":"https:\/\/cms-articles.softonic.io\/fr\/2013-03-22-facebook-nouveau-systeme-commentaires\/","title":{"rendered":"Facebook: un nouveau syst\u00e8me de commentaires pour bient\u00f4t?"},"content":{"rendered":"<p><img loading=\"lazy\" decoding=\"async\" class=\"alignright size-full wp-image-43253\" title=\"Facebook logo\" src=\"https:\/\/articles-img.sftcdn.net\/sft\/articles\/auto-mapping-folder\/sites\/9\/2013\/03\/Facebook.png\" alt=\"\" width=\"100\" height=\"100\" \/>Le r\u00e9seau le plus populaire au monde n\u2019a de cesse de publier des mises \u00e0 jour pour am\u00e9liorer son service. Apr\u00e8s sa <a href=\"http:\/\/onsoftware.softonic.fr\/2013-03-14-facebook-la-nouvelle-timeline-est-deployee-officiellement-en-france\">Timeline<\/a> et son <a href=\"http:\/\/onsoftware.softonic.fr\/2013-03-08-nouveau-fil-actualite-facebook-10-choses-il-faut-savoir\">fil d\u2019actualit\u00e9s<\/a>, Facebook serait sur le point de d\u00e9ployer un <strong>nouveau syst\u00e8me de commentaires<\/strong>.<\/p>\n<p>Selon nos confr\u00e8res d\u2019<a href=\"http:\/\/www.insidefacebook.com\/2013\/03\/21\/facebook-to-roll-out-threaded-ranked-comments-for-pages-and-public-figures\/\">InsideFacebook<\/a>, ce nouveau syst\u00e8me de commentaires apporterait deux nouveaut\u00e9s importantes: une <strong>option pour r\u00e9pondre directement \u00e0 un commentaire<\/strong> et un <strong>syst\u00e8me de tri des commentaires<\/strong>.<!--more--><\/p>\n<p>Les commentaires apparaissent aujourd\u2019hui par ordre chronologique mais avec ce nouveau syst\u00e8me, Facebook souhaite mettre en avant les commentaires les plus pertinents pour l&#8217;utilisateur. Un algorithme se chargera de classer les commentaires en fonction de leur popularit\u00e9. C\u2019est-\u00e0-dire qu\u2019il permettra de <strong>hisser en haut de liste ceux qui ont obtenu le plus de &#8220;likes&#8221; et de r\u00e9ponses<\/strong>. Il prendra \u00e9galement en compte les commentaires qui obtiennent un faible engagement. L\u2019utilisateur pourra aussi voir en premier les commentaires des personnes qu\u2019il connait. Cette mise \u00e0 jour sera int\u00e9ressante en particulier pour les pages et les profils des personnalit\u00e9s qui peuvent cumuler des centaines de commentaires pour un m\u00eame statut. Elle autorisera une meilleure gestion des conversations autour d&#8217;un post et une meilleure interaction des utilisateurs avec les pages et les profils de personnalit\u00e9s.<\/p>\n<p>Pas de date exacte n\u2019a encore \u00e9t\u00e9 avanc\u00e9e concernant le d\u00e9ploiement de cette mise \u00e0 jour mais InsideFacebook affirme qu\u2019elle sera effective d\u00e8s la semaine prochaine pour tous les profils et toutes les pages totalisant au moins 10 000 fans.<\/p>\n<p><img loading=\"lazy\" decoding=\"async\" class=\"aligncenter size-full wp-image-43254\" title=\"facebook - Commentaires\" src=\"https:\/\/articles-img.sftcdn.net\/sft\/articles\/auto-mapping-folder\/sites\/9\/2013\/03\/facebook-commentaires-01.png\" alt=\"\" width=\"500\" height=\"359\" srcset=\"https:\/\/articles-img.sftcdn.net\/auto-mapping-folder\/sites\/9\/2013\/03\/facebook-commentaires-01.png 500w, https:\/\/articles-img.sftcdn.net\/auto-mapping-folder\/sites\/9\/2013\/03\/facebook-commentaires-01-290x208.png 290w\" sizes=\"auto, (max-width: 500px) 100vw, 500px\" \/><br \/>\n<img loading=\"lazy\" decoding=\"async\" class=\"aligncenter size-full wp-image-43256\" title=\"Facebook - Commentaires\" src=\"https:\/\/articles-img.sftcdn.net\/sft\/articles\/auto-mapping-folder\/sites\/9\/2013\/03\/facebook-commentaires-02.png\" alt=\"\" width=\"500\" height=\"435\" srcset=\"https:\/\/articles-img.sftcdn.net\/auto-mapping-folder\/sites\/9\/2013\/03\/facebook-commentaires-02.png 500w, https:\/\/articles-img.sftcdn.net\/auto-mapping-folder\/sites\/9\/2013\/03\/facebook-commentaires-02-290x252.png 290w\" sizes=\"auto, (max-width: 500px) 100vw, 500px\" \/><\/p>\n<h3>Articles associ\u00e9s<\/h3>\n<p><a href=\"http:\/\/onsoftware.softonic.fr\/2013-03-08-nouveau-fil-actualite-facebook-10-choses-il-faut-savoir\">Nouveau fil d&#8217;actualit\u00e9 de Facebook: 10 choses qu&#8217;il faut savoir<\/a><\/p>\n<p><a href=\"http:\/\/onsoftware.softonic.fr\/2013-03-14-facebook-la-nouvelle-timeline-est-deployee-officiellement-en-france\">Facebook: la nouvelle timeline est d\u00e9ploy\u00e9e officiellement en France!<\/a><\/p>\n<p><a href=\"http:\/\/onsoftware.softonic.fr\/2013-03-15-facebook-integration-des-hashtags-prevue-pour-bientot\">Facebook: l&#8217;int\u00e9gration des hashtags pr\u00e9vue prochainement?<\/a><\/p>\n<p>Source: <a href=\"http:\/\/www.insidefacebook.com\/2013\/03\/21\/facebook-to-roll-out-threaded-ranked-comments-for-pages-and-public-figures\/\">InsideFacebook<\/a><\/p>\n","protected":false},"excerpt":{"rendered":"<p>Le r\u00e9seau le plus populaire au monde n\u2019a de cesse de publier des mises \u00e0 jour pour am\u00e9liorer son service. Apr\u00e8s sa Timeline et son fil d\u2019actualit\u00e9s, Facebook serait sur le point de d\u00e9ployer un nouveau syst\u00e8me de commentaires. Selon nos confr\u00e8res d\u2019InsideFacebook, ce nouveau syst\u00e8me de commentaires apporterait deux nouveaut\u00e9s importantes: une option pour &hellip; <a href=\"https:\/\/cms-articles.softonic.io\/fr\/2013-03-22-facebook-nouveau-systeme-commentaires\/\" class=\"more-link\">Continue reading<span class=\"screen-reader-text\"> &#8220;Facebook: un nouveau syst\u00e8me de commentaires pour bient\u00f4t?&#8221;<\/span><\/a><\/p>\n","protected":false},"author":8019,"featured_media":0,"comment_status":"open","ping_status":"open","sticky":false,"template":"","format":"standard","meta":{"footnotes":"","wpcf-pageviews":0},"categories":[16774,1],"tags":[16783,6280,156,488],"usertag":[],"vertical":[],"content-category":[],"class_list":["post-43248","post","type-post","status-publish","format-standard","hentry","category-how-to","category-uncategorized","tag-app-subdomain-redirectionfacebook","tag-commentaires","tag-facebook","tag-mark-zuckerberg"],"aioseo_notices":[],"_links":{"self":[{"href":"https:\/\/cms-articles.softonic.io\/fr\/wp-json\/wp\/v2\/posts\/43248","targetHints":{"allow":["GET"]}}],"collection":[{"href":"https:\/\/cms-articles.softonic.io\/fr\/wp-json\/wp\/v2\/posts"}],"about":[{"href":"https:\/\/cms-articles.softonic.io\/fr\/wp-json\/wp\/v2\/types\/post"}],"author":[{"embeddable":true,"href":"https:\/\/cms-articles.softonic.io\/fr\/wp-json\/wp\/v2\/users\/8019"}],"replies":[{"embeddable":true,"href":"https:\/\/cms-articles.softonic.io\/fr\/wp-json\/wp\/v2\/comments?post=43248"}],"version-history":[{"count":1,"href":"https:\/\/cms-articles.softonic.io\/fr\/wp-json\/wp\/v2\/posts\/43248\/revisions"}],"predecessor-version":[{"id":167229,"href":"https:\/\/cms-articles.softonic.io\/fr\/wp-json\/wp\/v2\/posts\/43248\/revisions\/167229"}],"wp:attachment":[{"href":"https:\/\/cms-articles.softonic.io\/fr\/wp-json\/wp\/v2\/media?parent=43248"}],"wp:term":[{"taxonomy":"category","embeddable":true,"href":"https:\/\/cms-articles.softonic.io\/fr\/wp-json\/wp\/v2\/categories?post=43248"},{"taxonomy":"post_tag","embeddable":true,"href":"https:\/\/cms-articles.softonic.io\/fr\/wp-json\/wp\/v2\/tags?post=43248"},{"taxonomy":"usertag","embeddable":true,"href":"https:\/\/cms-articles.softonic.io\/fr\/wp-json\/wp\/v2\/usertag?post=43248"},{"taxonomy":"vertical","embeddable":true,"href":"https:\/\/cms-articles.softonic.io\/fr\/wp-json\/wp\/v2\/vertical?post=43248"},{"taxonomy":"content-category","embeddable":true,"href":"https:\/\/cms-articles.softonic.io\/fr\/wp-json\/wp\/v2\/content-category?post=43248"}],"curies":[{"name":"wp","href":"https:\/\/api.w.org\/{rel}","templated":true}]}}