{"id":47351,"date":"2013-05-07T09:54:37","date_gmt":"2013-05-07T08:54:37","guid":{"rendered":"http:\/\/onsoftware.softonic.fr\/?p=47351"},"modified":"2025-06-12T12:52:38","modified_gmt":"2025-06-12T11:52:38","slug":"2013-05-07-adobe-photoshop-et-illustrator-passent-a-la-formule-par-abonnement","status":"publish","type":"post","link":"https:\/\/cms-articles.softonic.io\/fr\/2013-05-07-adobe-photoshop-et-illustrator-passent-a-la-formule-par-abonnement\/","title":{"rendered":"Adobe: Photoshop et Illustrator passent \u00e0 la formule par abonnement"},"content":{"rendered":"<p><img loading=\"lazy\" decoding=\"async\" class=\"alignright size-medium wp-image-47357\" title=\"Adobe_Creative_Cloud\" src=\"https:\/\/articles-img.sftcdn.net\/sft\/articles\/auto-mapping-folder\/sites\/9\/2013\/05\/Adobe_Creative_Cloud_icon-M-290x290.png\" alt=\"\" width=\"125\" height=\"125\" srcset=\"https:\/\/articles-img.sftcdn.net\/auto-mapping-folder\/sites\/9\/2013\/05\/Adobe_Creative_Cloud_icon-M-290x290.png 290w, https:\/\/articles-img.sftcdn.net\/auto-mapping-folder\/sites\/9\/2013\/05\/Adobe_Creative_Cloud_icon-M.png 450w\" sizes=\"auto, (max-width: 125px) 100vw, 125px\" \/>Apr\u00e8s 10 ans de bons et loyaux services, la suite <a href=\"http:\/\/adobe-creative-suite-master-collection.softonic.fr\/\"><strong>Adobe Creative<\/strong><\/a> est maintenant morte. La soci\u00e9t\u00e9 a annonc\u00e9 se concentrer d\u00e9sormais sur <strong>Adobe Creative Cloud<\/strong>. Les prochaines versions des<strong> <a href=\"http:\/\/adobe-photoshop.softonic.fr\/\">Photoshop<\/a>, <a href=\"http:\/\/illustrator.softonic.fr\/\">Illustrator<\/a>, <a href=\"http:\/\/adobe-indesign.softonic.fr\/\">InDesign<\/a>, <a href=\"http:\/\/adobe-dreamweaver.softonic.fr\/\">Dreamweaver<\/a>, <a href=\"http:\/\/adobe-after-effects.softonic.fr\/\">After Effects<\/a>, <a href=\"http:\/\/adobe-premiere-pro.softonic.fr\/\">Adobe Premiere<\/a><\/strong>&#8230; ne seront d\u00e9sormais propos\u00e9es que sur abonnement. Un gros changement pour Adobe qui risque de subir la col\u00e8re de quelques utilisateurs.<\/p>\n<h3><strong>R.I.P. Creative Suite<\/strong><\/h3>\n<p><strong>Adobe Creative Suite 6<\/strong> sera ainsi la derni\u00e8re Creative Suite. La soci\u00e9t\u00e9 va encore vendre CS6, mais il n&#8217;y aura pas une Creative Suite 7. CS6 sera mis \u00e0 jour avec des corrections de bugs, mais il ne faut pas s&#8217;attendre \u00e0 de nouvelles fonctionnalit\u00e9s pour la d\u00e9sormais obsol\u00e8te suite d&#8217;applications.<!--more--><\/p>\n<p>Adieu Creative Suite et bienvenue Adobe Creative Cloud ! Creative Cloud permet de t\u00e9l\u00e9charger et d&#8217;utiliser les tous les logiciels de cr\u00e9ation d&#8217;Adobe en payant un abonnement \u00e0 une offre plut\u00f4t que de payer l&#8217;achat du logiciel. L&#8217;abonnement offre en plus un service de stockage en ligne et de synchronisation des fichiers.<\/p>\n<p>&nbsp;<\/p>\n<p><img loading=\"lazy\" decoding=\"async\" class=\"aligncenter size-large wp-image-47356\" title=\"Adobe Creative Cloud\" src=\"https:\/\/articles-img.sftcdn.net\/sft\/articles\/auto-mapping-folder\/sites\/9\/2013\/05\/5-6-2013-12-50-09-PM-600x287.jpg\" alt=\"\" width=\"600\" height=\"287\" srcset=\"https:\/\/articles-img.sftcdn.net\/auto-mapping-folder\/sites\/9\/2013\/05\/5-6-2013-12-50-09-PM-600x287.jpg 600w, https:\/\/articles-img.sftcdn.net\/auto-mapping-folder\/sites\/9\/2013\/05\/5-6-2013-12-50-09-PM-290x138.jpg 290w, https:\/\/articles-img.sftcdn.net\/auto-mapping-folder\/sites\/9\/2013\/05\/5-6-2013-12-50-09-PM.jpg 940w\" sizes=\"auto, (max-width: 600px) 100vw, 600px\" \/><\/p>\n<p>&nbsp;<\/p>\n<p>Pr\u00e9cision importante, les logiciels devront toujours \u00eatre t\u00e9l\u00e9charg\u00e9s et install\u00e9s en local, mais ils ne s&#8217;ex\u00e9cuteront que si l&#8217;abonnement est souscrit. Adobe promet toutefois qu&#8217;il sera possible de les utiliser sans acc\u00e8s \u00e0 internet.<\/p>\n<p>Pour les entreprises, un acc\u00e8s complet \u00e0 la Creative Cloud co\u00fbtera 69,99 $ par mois par utilisateur ou 39,99 $ si la soci\u00e9t\u00e9 avait auparavant CS3 ou une version ult\u00e9rieure. Les entreprises peuvent s&#8217;attendre \u00e0 plus d&#8217;espace de stockage dans le cloud que les versions grand public.<\/p>\n<p>Les \u00e9tudiants pourront toujours obtenir des r\u00e9ductions d&#8217;Adobe. Un acc\u00e8s complet \u00e0 la Creative Cloud leur co\u00fbtera ainsi 19,99 $ par mois. Il y a \u00e9galement un plan de formation baptis\u00e9 &#8220;Team&#8221; qui co\u00fbte 39,99 $ par mois et par membre.<\/p>\n<p>&nbsp;<\/p>\n<p><img loading=\"lazy\" decoding=\"async\" class=\"aligncenter size-large wp-image-47360\" title=\"Aodobe Cloud\" src=\"https:\/\/articles-img.sftcdn.net\/sft\/articles\/auto-mapping-folder\/sites\/9\/2013\/05\/5-6-2013-12-52-56-PM-600x308.jpg\" alt=\"\" width=\"600\" height=\"308\" srcset=\"https:\/\/articles-img.sftcdn.net\/auto-mapping-folder\/sites\/9\/2013\/05\/5-6-2013-12-52-56-PM-600x308.jpg 600w, https:\/\/articles-img.sftcdn.net\/auto-mapping-folder\/sites\/9\/2013\/05\/5-6-2013-12-52-56-PM-290x149.jpg 290w, https:\/\/articles-img.sftcdn.net\/auto-mapping-folder\/sites\/9\/2013\/05\/5-6-2013-12-52-56-PM.jpg 665w\" sizes=\"auto, (max-width: 600px) 100vw, 600px\" \/><\/p>\n<p>&nbsp;<\/p>\n<h3><strong>Pourquoi un tel choix?<\/strong><\/h3>\n<p>En d&#8217;autres termes, il s&#8217;agit d&#8217;un mod\u00e8le d&#8217;affaires plus stable et rentable pour Adobe. La soci\u00e9t\u00e9 souvent confront\u00e9 \u00e0 des revenus instables au cours des trimestres pr\u00e9c\u00e9dents voit ici une porte de sortie pour stabiliser ses revenus.<\/p>\n<p>Une autre raison pour Adobe est de lutter contre le piratage. Photoshop est peut-\u00eatre l&#8217;application la plus pirat\u00e9e de tous les temps et ce pour une bonne raison. L&#8217;application co\u00fbte en effet la bagatelle de 700 $, ce qui est hors de port\u00e9e pour la plupart des consommateurs.<\/p>\n<p>Pour les utilisateurs en tout cas, cette d\u00e9cision repr\u00e9sente une bonne nouvelle puisque l&#8217;offre est assez attractive.<\/p>\n<p>Via (<a title=\"adobe creative cloud\" href=\"https:\/\/creative.adobe.com\/plans\" target=\"_blank\" rel=\"noopener noreferrer\">Adobe Creative Cloud<\/a> |\u00a0<a title=\"CNET\" href=\"http:\/\/news.cnet.com\/8301-1001_3-57582735-92\/adobe-kills-creative-suite-goes-subscription-only\/\" target=\"_blank\" rel=\"noopener noreferrer\">CNET<\/a>)<\/p>\n","protected":false},"excerpt":{"rendered":"<p>Apr\u00e8s 10 ans de bons et loyaux services, la suite Adobe Creative est maintenant morte. La soci\u00e9t\u00e9 a annonc\u00e9 se concentrer d\u00e9sormais sur Adobe Creative Cloud. Les prochaines versions des Photoshop, Illustrator, InDesign, Dreamweaver, After Effects, Adobe Premiere&#8230; ne seront d\u00e9sormais propos\u00e9es que sur abonnement. Un gros changement pour Adobe qui risque de subir la &hellip; <a href=\"https:\/\/cms-articles.softonic.io\/fr\/2013-05-07-adobe-photoshop-et-illustrator-passent-a-la-formule-par-abonnement\/\" class=\"more-link\">Continue reading<span class=\"screen-reader-text\"> &#8220;Adobe: Photoshop et Illustrator passent \u00e0 la formule par abonnement&#8221;<\/span><\/a><\/p>\n","protected":false},"author":8020,"featured_media":0,"comment_status":"open","ping_status":"open","sticky":false,"template":"","format":"standard","meta":{"footnotes":"","wpcf-pageviews":0},"categories":[1],"tags":[205,6957,6956,4833,16833,6958,6959,168,6960],"usertag":[],"vertical":[],"content-category":[],"class_list":["post-47351","post","type-post","status-publish","format-standard","hentry","category-uncategorized","tag-adobe","tag-adobe-creative-cloud","tag-adobe-creative-suite","tag-adobe-photoshop","tag-app-subdomain-redirectionadobe-photoshop","tag-creative-suite","tag-illustrator","tag-photoshop","tag-photoshop-adobe"],"aioseo_notices":[],"_links":{"self":[{"href":"https:\/\/cms-articles.softonic.io\/fr\/wp-json\/wp\/v2\/posts\/47351","targetHints":{"allow":["GET"]}}],"collection":[{"href":"https:\/\/cms-articles.softonic.io\/fr\/wp-json\/wp\/v2\/posts"}],"about":[{"href":"https:\/\/cms-articles.softonic.io\/fr\/wp-json\/wp\/v2\/types\/post"}],"author":[{"embeddable":true,"href":"https:\/\/cms-articles.softonic.io\/fr\/wp-json\/wp\/v2\/users\/8020"}],"replies":[{"embeddable":true,"href":"https:\/\/cms-articles.softonic.io\/fr\/wp-json\/wp\/v2\/comments?post=47351"}],"version-history":[{"count":1,"href":"https:\/\/cms-articles.softonic.io\/fr\/wp-json\/wp\/v2\/posts\/47351\/revisions"}],"predecessor-version":[{"id":166917,"href":"https:\/\/cms-articles.softonic.io\/fr\/wp-json\/wp\/v2\/posts\/47351\/revisions\/166917"}],"wp:attachment":[{"href":"https:\/\/cms-articles.softonic.io\/fr\/wp-json\/wp\/v2\/media?parent=47351"}],"wp:term":[{"taxonomy":"category","embeddable":true,"href":"https:\/\/cms-articles.softonic.io\/fr\/wp-json\/wp\/v2\/categories?post=47351"},{"taxonomy":"post_tag","embeddable":true,"href":"https:\/\/cms-articles.softonic.io\/fr\/wp-json\/wp\/v2\/tags?post=47351"},{"taxonomy":"usertag","embeddable":true,"href":"https:\/\/cms-articles.softonic.io\/fr\/wp-json\/wp\/v2\/usertag?post=47351"},{"taxonomy":"vertical","embeddable":true,"href":"https:\/\/cms-articles.softonic.io\/fr\/wp-json\/wp\/v2\/vertical?post=47351"},{"taxonomy":"content-category","embeddable":true,"href":"https:\/\/cms-articles.softonic.io\/fr\/wp-json\/wp\/v2\/content-category?post=47351"}],"curies":[{"name":"wp","href":"https:\/\/api.w.org\/{rel}","templated":true}]}}