{"id":53748,"date":"2014-06-20T13:10:16","date_gmt":"2014-06-20T12:10:16","guid":{"rendered":"http:\/\/onsoftware.softonic.fr\/?p=53748"},"modified":"2025-06-12T11:53:55","modified_gmt":"2025-06-12T10:53:55","slug":"fete-de-la-musique-2014-applications-officielles-iphone-ipad-android","status":"publish","type":"post","link":"https:\/\/cms-articles.softonic.io\/fr\/fete-de-la-musique-2014-applications-officielles-iphone-ipad-android\/","title":{"rendered":"F\u00eate de la Musique 2014 : les applis officielles pour iPhone, iPad et Android"},"content":{"rendered":"<p>Que vous soyez \u00e0 <strong>Paris<\/strong>, \u00e0 <strong>Tours <\/strong>ou \u00e0 <strong>Montpellier<\/strong>, la <a title=\"F\u00eate de la Musique 2014\" href=\"http:\/\/www.fetedelamusique.culture.fr\/\" target=\"_blank\" rel=\"noopener noreferrer\">F\u00eate de la Musique<\/a> approche&#8230; Et si la date reste inchang\u00e9e (<strong>le 21 juin comme toujours<\/strong>), elle tombe cette fois-ci un Vendredi; une bonne nouvelle pour ceux qui passent les rattrapages du bac ou des examens!<\/p>\n<p style=\"text-align: center\">\n<p>Comme les temps ont bien chang\u00e9 depuis 1982 (date de cr\u00e9ation de l\u2019\u00e9v\u00e9nement), la f\u00eate de la musique s&#8217;accompagne d\u00e9sormais de son <strong>application pour t\u00e9l\u00e9phones mobiles. <\/strong>Elle vous permettra de conna\u00eetre, pour votre ville, la <strong>programmation<\/strong> pour le soir du 21. Vous ne raterez ainsi aucun des concerts que vous voulez voir! De plus, l&#8217;appli propose un grand nombre de fonctions suppl\u00e9mentaires : retrouver vos amis le soir du 21 gr\u00e2ce \u00e0<strong> g\u00e9olocalisation<\/strong>, <strong>partager vos photos <\/strong>de l\u2019\u00e9v\u00e9nement ou encore <strong>jouer avec le blind test incorpor\u00e9<\/strong>.<\/p>\n<p><img loading=\"lazy\" decoding=\"async\" class=\"aligncenter size-large wp-image-91976\" title=\"F\u00eate de la musique 2014\" src=\"https:\/\/articles-img.sftcdn.net\/sft\/articles\/auto-mapping-folder\/sites\/9\/2013\/06\/F\u00eate-de-la-musique-2014-475x794.jpg\" alt=\"F\u00eate de la musique 2014\" width=\"475\" height=\"794\" srcset=\"https:\/\/articles-img.sftcdn.net\/auto-mapping-folder\/sites\/9\/2013\/06\/F\u00eate-de-la-musique-2014.jpg 475w, https:\/\/articles-img.sftcdn.net\/auto-mapping-folder\/sites\/9\/2013\/06\/F\u00eate-de-la-musique-2014-268x447.jpg 268w\" sizes=\"auto, (max-width: 475px) 100vw, 475px\" \/><\/p>\n<p>L&#8217;application <strong>&#8220;F\u00eate de la Musique 2014&#8221;<\/strong> est disponible au t\u00e9l\u00e9chargement sur <a href=\"https:\/\/play.google.com\/store\/apps\/details?id=com.greencopper.android.fetemusique\" target=\"_blank\" rel=\"noopener noreferrer\"><strong>Android<\/strong><\/a> et <a href=\"https:\/\/itunes.apple.com\/us\/app\/fete-de-la-musique-2014\/id434818379?mt=8\" target=\"_blank\" rel=\"noopener noreferrer\"><strong>iOS<\/strong><\/a>. Et pour ceux qui voudraient d\u00e9j\u00e0 commencer \u00e0 se mettre dans l&#8217;ambiance, ne loupez pas les<a href=\"https:\/\/www.facebook.com\/Spotify.France\" target=\"_blank\" rel=\"noopener noreferrer\"><strong> playlist sp\u00e9ciales F\u00eate de la Musique sur Spotify<\/strong><\/a>!<\/p>\n","protected":false},"excerpt":{"rendered":"<p>Que vous soyez \u00e0 Paris, \u00e0 Tours ou \u00e0 Montpellier, la F\u00eate de la Musique approche&#8230; Et si la date reste inchang\u00e9e (le 21 juin comme toujours), elle tombe cette fois-ci un Vendredi; une bonne nouvelle pour ceux qui passent les rattrapages du bac ou des examens! Comme les temps ont bien chang\u00e9 depuis 1982 &hellip; <a href=\"https:\/\/cms-articles.softonic.io\/fr\/fete-de-la-musique-2014-applications-officielles-iphone-ipad-android\/\" class=\"more-link\">Continue reading<span class=\"screen-reader-text\"> &#8220;F\u00eate de la Musique 2014 : les applis officielles pour iPhone, iPad et Android&#8221;<\/span><\/a><\/p>\n","protected":false},"author":8024,"featured_media":91977,"comment_status":"open","ping_status":"open","sticky":false,"template":"","format":"standard","meta":{"footnotes":"","wpcf-pageviews":0},"categories":[1],"tags":[4041,7691,12145,807,524],"usertag":[],"vertical":[],"content-category":[],"class_list":["post-53748","post","type-post","status-publish","format-standard","has-post-thumbnail","hentry","category-uncategorized","tag-concert","tag-fete-de-la-musique","tag-fete-de-la-musique-2014","tag-musique","tag-spotify"],"aioseo_notices":[],"_links":{"self":[{"href":"https:\/\/cms-articles.softonic.io\/fr\/wp-json\/wp\/v2\/posts\/53748","targetHints":{"allow":["GET"]}}],"collection":[{"href":"https:\/\/cms-articles.softonic.io\/fr\/wp-json\/wp\/v2\/posts"}],"about":[{"href":"https:\/\/cms-articles.softonic.io\/fr\/wp-json\/wp\/v2\/types\/post"}],"author":[{"embeddable":true,"href":"https:\/\/cms-articles.softonic.io\/fr\/wp-json\/wp\/v2\/users\/8024"}],"replies":[{"embeddable":true,"href":"https:\/\/cms-articles.softonic.io\/fr\/wp-json\/wp\/v2\/comments?post=53748"}],"version-history":[{"count":1,"href":"https:\/\/cms-articles.softonic.io\/fr\/wp-json\/wp\/v2\/posts\/53748\/revisions"}],"predecessor-version":[{"id":163896,"href":"https:\/\/cms-articles.softonic.io\/fr\/wp-json\/wp\/v2\/posts\/53748\/revisions\/163896"}],"wp:featuredmedia":[{"embeddable":true,"href":"https:\/\/cms-articles.softonic.io\/fr\/wp-json\/wp\/v2\/media\/91977"}],"wp:attachment":[{"href":"https:\/\/cms-articles.softonic.io\/fr\/wp-json\/wp\/v2\/media?parent=53748"}],"wp:term":[{"taxonomy":"category","embeddable":true,"href":"https:\/\/cms-articles.softonic.io\/fr\/wp-json\/wp\/v2\/categories?post=53748"},{"taxonomy":"post_tag","embeddable":true,"href":"https:\/\/cms-articles.softonic.io\/fr\/wp-json\/wp\/v2\/tags?post=53748"},{"taxonomy":"usertag","embeddable":true,"href":"https:\/\/cms-articles.softonic.io\/fr\/wp-json\/wp\/v2\/usertag?post=53748"},{"taxonomy":"vertical","embeddable":true,"href":"https:\/\/cms-articles.softonic.io\/fr\/wp-json\/wp\/v2\/vertical?post=53748"},{"taxonomy":"content-category","embeddable":true,"href":"https:\/\/cms-articles.softonic.io\/fr\/wp-json\/wp\/v2\/content-category?post=53748"}],"curies":[{"name":"wp","href":"https:\/\/api.w.org\/{rel}","templated":true}]}}