{"id":87215,"date":"2014-05-13T16:31:03","date_gmt":"2014-05-13T15:31:03","guid":{"rendered":"http:\/\/onsoftware.softonic.fr\/?p=87215"},"modified":"2025-06-12T11:59:27","modified_gmt":"2025-06-12T10:59:27","slug":"ios-8-multitache-ecran-partage-possible-ipad","status":"publish","type":"post","link":"https:\/\/cms-articles.softonic.io\/fr\/ios-8-multitache-ecran-partage-possible-ipad\/","title":{"rendered":"iOS 8: le multit\u00e2che avec \u00e9cran partag\u00e9 sur iPad serait de la partie"},"content":{"rendered":"<p><strong>iOS 8,<\/strong> la prochaine version d&#8217;iOS, pourrait introduire le multit\u00e2che sur \u00e9cran partag\u00e9 sur <strong>iPad<\/strong>. Selon certaines rumeurs rapport\u00e9es par <em>9to5Mac<\/em>, Apple travaille sur  le d\u00e9veloppement d&#8217;une fonction qui permettrait aux utilisateurs  d&#8217;utiliser deux applications en m\u00eame temps.<\/p>\n<p>Le  split-screen serait un concurrence directe \u00e0 la Microsoft Surface qui offre  d\u00e9j\u00e0 la possibilit\u00e9 de travailler simultan\u00e9ment sur deux fen\u00eatres. Si les rumeurs sont confirm\u00e9es, l&#8217;\u00e9cran partag\u00e9 sur l&#8217;iPad permet de faire glisser images, vid\u00e9os, textes et autres documents depuis une application vers une autre avec un simple glisser-d\u00e9poser.<\/p>\n<p><img loading=\"lazy\" decoding=\"async\" class=\"aligncenter size-large wp-image-87237\" title=\"multitasking_air\" src=\"https:\/\/articles-img.sftcdn.net\/sft\/articles\/auto-mapping-folder\/sites\/9\/2014\/05\/multitasking_air-568x406.png\" alt=\"\" width=\"568\" height=\"406\" srcset=\"https:\/\/articles-img.sftcdn.net\/auto-mapping-folder\/sites\/9\/2014\/05\/multitasking_air-568x406.png 568w, https:\/\/articles-img.sftcdn.net\/auto-mapping-folder\/sites\/9\/2014\/05\/multitasking_air-268x191.png 268w, https:\/\/articles-img.sftcdn.net\/auto-mapping-folder\/sites\/9\/2014\/05\/multitasking_air.png 704w\" sizes=\"auto, (max-width: 568px) 100vw, 568px\" \/><\/p>\n<p>Le multit\u00e2che sur l&#8217;iPad devrait fonctionner exclusivement en mode paysage et exigerait une taille minimum d&#8217;\u00e9cran de 9,7 pouces, ce qui  exclut l&#8217;iPad Mini.<\/p>\n<p>iOS 8 pourrait \u00eatre annonc\u00e9 lors de la prochaine conf\u00e9rence <a href=\"http:\/\/actualites.softonic.fr\/wwdc-2014-ios-8-os-x-programme-keynote-2-juin\">WWDC d&#8217;Apple en juin prochain<\/a>. Sa sortie pour le grand public devrait co\u00efncider avec l&#8217;arriv\u00e9e de la nouvelle g\u00e9n\u00e9ration d&#8217;iPhone pr\u00e9vue pour septembre.<\/p>\n<p><em>Source et image:\u00a0<a href=\"http:\/\/9to5mac.com\/2014\/05\/13\/apple-plans-to-match-microsoft-surface-with-split-screen-ipad-multitasking-in-ios-8\/\" target=\"_blank\" rel=\"noopener noreferrer\">9to5Mac<\/a><\/em><\/p>\n<p><strong>Lire aussi:<\/strong><\/p>\n<p><a href=\"http:\/\/actualites.softonic.fr\/iphone-6-premiere-image-ios-8\"><strong>iOS 8: une premi\u00e8re image d\u00e9voil\u00e9e?<\/strong><\/a><\/p>\n<p><strong> <\/strong><\/p>\n<p><a href=\"http:\/\/actualites.softonic.fr\/ios-8-apple-application-itunes-radio-2014-03-12\"><strong>iOS 8: Apple pourrait lancer une application iTunes Radio<\/strong><\/a><\/p>\n<p><strong> <\/strong><\/p>\n<p><a href=\"http:\/\/actualites.softonic.fr\/2014-03-11-ios-8-apple-prepare-une-mise-a-jour-majeure-de-plans\"><strong>iOS 8: Apple pr\u00e9pare une mise \u00e0 jour majeure de Plans<\/strong><\/a><\/p>\n<p><em>Suivez-moi sur Twitter:<a href=\"https:\/\/twitter.com\/pierrevitre\" target=\"_blank\" rel=\"noopener noreferrer\"> @pierrevitre<\/a><\/em><\/p>\n","protected":false},"excerpt":{"rendered":"<p>iOS 8, la prochaine version d&#8217;iOS, pourrait introduire le multit\u00e2che sur \u00e9cran partag\u00e9 sur iPad. Selon certaines rumeurs rapport\u00e9es par 9to5Mac, Apple travaille sur le d\u00e9veloppement d&#8217;une fonction qui permettrait aux utilisateurs d&#8217;utiliser deux applications en m\u00eame temps. Le split-screen serait un concurrence directe \u00e0 la Microsoft Surface qui offre d\u00e9j\u00e0 la possibilit\u00e9 de travailler &hellip; <a href=\"https:\/\/cms-articles.softonic.io\/fr\/ios-8-multitache-ecran-partage-possible-ipad\/\" class=\"more-link\">Continue reading<span class=\"screen-reader-text\"> &#8220;iOS 8: le multit\u00e2che avec \u00e9cran partag\u00e9 sur iPad serait de la partie&#8221;<\/span><\/a><\/p>\n","protected":false},"author":8020,"featured_media":87234,"comment_status":"open","ping_status":"open","sticky":false,"template":"","format":"standard","meta":{"footnotes":"","wpcf-pageviews":0},"categories":[1],"tags":[151,4191,11567,149,8898,4075],"usertag":[],"vertical":[],"content-category":[],"class_list":["post-87215","post","type-post","status-publish","format-standard","has-post-thumbnail","hentry","category-uncategorized","tag-apple","tag-ios-8","tag-ios-8-iphone-6","tag-ipad","tag-iphone","tag-iphone-6"],"aioseo_notices":[],"_links":{"self":[{"href":"https:\/\/cms-articles.softonic.io\/fr\/wp-json\/wp\/v2\/posts\/87215","targetHints":{"allow":["GET"]}}],"collection":[{"href":"https:\/\/cms-articles.softonic.io\/fr\/wp-json\/wp\/v2\/posts"}],"about":[{"href":"https:\/\/cms-articles.softonic.io\/fr\/wp-json\/wp\/v2\/types\/post"}],"author":[{"embeddable":true,"href":"https:\/\/cms-articles.softonic.io\/fr\/wp-json\/wp\/v2\/users\/8020"}],"replies":[{"embeddable":true,"href":"https:\/\/cms-articles.softonic.io\/fr\/wp-json\/wp\/v2\/comments?post=87215"}],"version-history":[{"count":1,"href":"https:\/\/cms-articles.softonic.io\/fr\/wp-json\/wp\/v2\/posts\/87215\/revisions"}],"predecessor-version":[{"id":164198,"href":"https:\/\/cms-articles.softonic.io\/fr\/wp-json\/wp\/v2\/posts\/87215\/revisions\/164198"}],"wp:featuredmedia":[{"embeddable":true,"href":"https:\/\/cms-articles.softonic.io\/fr\/wp-json\/wp\/v2\/media\/87234"}],"wp:attachment":[{"href":"https:\/\/cms-articles.softonic.io\/fr\/wp-json\/wp\/v2\/media?parent=87215"}],"wp:term":[{"taxonomy":"category","embeddable":true,"href":"https:\/\/cms-articles.softonic.io\/fr\/wp-json\/wp\/v2\/categories?post=87215"},{"taxonomy":"post_tag","embeddable":true,"href":"https:\/\/cms-articles.softonic.io\/fr\/wp-json\/wp\/v2\/tags?post=87215"},{"taxonomy":"usertag","embeddable":true,"href":"https:\/\/cms-articles.softonic.io\/fr\/wp-json\/wp\/v2\/usertag?post=87215"},{"taxonomy":"vertical","embeddable":true,"href":"https:\/\/cms-articles.softonic.io\/fr\/wp-json\/wp\/v2\/vertical?post=87215"},{"taxonomy":"content-category","embeddable":true,"href":"https:\/\/cms-articles.softonic.io\/fr\/wp-json\/wp\/v2\/content-category?post=87215"}],"curies":[{"name":"wp","href":"https:\/\/api.w.org\/{rel}","templated":true}]}}