{"id":49314,"date":"2014-02-28T11:33:50","date_gmt":"2014-02-28T11:33:50","guid":{"rendered":"http:\/\/onsoftware.softonic.it\/?p=49314"},"modified":"2024-03-08T01:26:25","modified_gmt":"2024-03-08T00:26:25","slug":"giornata-mondiale-senza-facebook","status":"publish","type":"post","link":"https:\/\/cms-articles.softonic.io\/it\/giornata-mondiale-senza-facebook\/","title":{"rendered":"Oggi \u00e8 la Giornata Mondiale senza Facebook. Sai resistere alla tentazione?"},"content":{"rendered":"<p>Oggi, 28 febbraio, \u00e8 stata proclamata la <strong>Giornata Mondiale senza Facebook.<\/strong> L&#8217;iniziativa \u00e8 nata in Francia 3 anni fa per aumentare la consapevolezza in materia di cyber dipendenza, protestare contro l&#8217;intrusivit\u00e0 delle pubblicit\u00e0 che si spacciano per informazioni e ricordare a Facebook che il social network non \u00e8 nulla senza i suoi utenti.<\/p>\n<p>Una provocazione, certo, ma forse l&#8217;iniziativa \u00e8 anche la spia di una crescente &#8220;stanchezza&#8221;. Facebook ha da pochissimo <a href=\"http:\/\/news.softonic.it\/10-anni-di-facebook-storia-del-social-network-che-ha-cambiato-il-mondo\">compiuto 10 anni<\/a> ma c&#8217;\u00e8 gi\u00e0 chi sostiene che sia diventato troppo vecchio. Negli Stati Uniti gli adolescenti hanno cominciato la <strong>fuga verso nuovi social network <\/strong>e c&#8217;\u00e8 stato addirittura chi ha previsto ch<a href=\"http:\/\/www.theguardian.com\/technology\/2014\/jan\/22\/facebook-princeton-researchers-infectious-disease\" target=\"_blank\" rel=\"noopener noreferrer\">e Facebook perder\u00e0 l&#8217;80% dei suoi utenti entro il 2017<\/a>.<\/p>\n<p>Ma se la morte di Facebook sembra improbabile, nuove reti sociali come, <a href=\"http:\/\/articoli.softonic.it\/snapchat-erede-di-facebook\">come Snapchat<\/a>, emergono con sempre pi\u00f9 forza e<strong> offrono altri modi per socializzare online<\/strong>. Un pericolo che Facebook prende sul serio, e questo potrebbe spiegare giustifica la recente <a href=\"http:\/\/news.softonic.it\/facebook-compra-whatsapp\">acquisizione di WhatsApp da parte di Facebook <\/a>per la cifra esorbitante di 19 miliardi di dollari, la pi\u00f9 alta nella storia delle acquisizioni di societ\u00e0 tecnologiche.<\/p>\n<p>Ma intanto, nella giornata senza Facebook, chi resiste alla tentazioni di consultare l&#8217;onnipresente social network?<\/p>\n<p>Leggi anche:<\/p>\n<p><strong><a href=\"http:\/\/articoli.softonic.it\/lasciare-facebook-come-fare-7-passi-indispensabili\">Voglio lasciare Facebook! Come fare? Ecco 7 passi indispensabili per una separazione indolore<\/a><\/strong><\/p>\n","protected":false},"excerpt":{"rendered":"<p>Oggi, 28 febbraio, \u00e8 stata proclamata la Giornata Mondiale senza Facebook. L&#8217;iniziativa \u00e8 nata in Francia 3 anni fa per aumentare la consapevolezza in materia di cyber dipendenza, protestare contro l&#8217;intrusivit\u00e0 delle pubblicit\u00e0 che si spacciano per informazioni e ricordare a Facebook che il social network non \u00e8 nulla senza i suoi utenti. Una provocazione, &hellip; <a href=\"https:\/\/cms-articles.softonic.io\/it\/giornata-mondiale-senza-facebook\/\" class=\"more-link\">Continue reading<span class=\"screen-reader-text\"> &#8220;Oggi \u00e8 la Giornata Mondiale senza Facebook. Sai resistere alla tentazione?&#8221;<\/span><\/a><\/p>\n","protected":false},"author":3002,"featured_media":49321,"comment_status":"open","ping_status":"open","sticky":false,"template":"","format":"standard","meta":{"footnotes":"","wpcf-pageviews":0},"categories":[1],"tags":[2498],"usertag":[],"vertical":[],"content-category":[],"class_list":["post-49314","post","type-post","status-publish","format-standard","has-post-thumbnail","hentry","category-uncategorized","tag-app-subdomain-redirectionfacebook"],"aioseo_notices":[],"_links":{"self":[{"href":"https:\/\/cms-articles.softonic.io\/it\/wp-json\/wp\/v2\/posts\/49314","targetHints":{"allow":["GET"]}}],"collection":[{"href":"https:\/\/cms-articles.softonic.io\/it\/wp-json\/wp\/v2\/posts"}],"about":[{"href":"https:\/\/cms-articles.softonic.io\/it\/wp-json\/wp\/v2\/types\/post"}],"author":[{"embeddable":true,"href":"https:\/\/cms-articles.softonic.io\/it\/wp-json\/wp\/v2\/users\/3002"}],"replies":[{"embeddable":true,"href":"https:\/\/cms-articles.softonic.io\/it\/wp-json\/wp\/v2\/comments?post=49314"}],"version-history":[{"count":0,"href":"https:\/\/cms-articles.softonic.io\/it\/wp-json\/wp\/v2\/posts\/49314\/revisions"}],"wp:featuredmedia":[{"embeddable":true,"href":"https:\/\/cms-articles.softonic.io\/it\/wp-json\/wp\/v2\/media\/49321"}],"wp:attachment":[{"href":"https:\/\/cms-articles.softonic.io\/it\/wp-json\/wp\/v2\/media?parent=49314"}],"wp:term":[{"taxonomy":"category","embeddable":true,"href":"https:\/\/cms-articles.softonic.io\/it\/wp-json\/wp\/v2\/categories?post=49314"},{"taxonomy":"post_tag","embeddable":true,"href":"https:\/\/cms-articles.softonic.io\/it\/wp-json\/wp\/v2\/tags?post=49314"},{"taxonomy":"usertag","embeddable":true,"href":"https:\/\/cms-articles.softonic.io\/it\/wp-json\/wp\/v2\/usertag?post=49314"},{"taxonomy":"vertical","embeddable":true,"href":"https:\/\/cms-articles.softonic.io\/it\/wp-json\/wp\/v2\/vertical?post=49314"},{"taxonomy":"content-category","embeddable":true,"href":"https:\/\/cms-articles.softonic.io\/it\/wp-json\/wp\/v2\/content-category?post=49314"}],"curies":[{"name":"wp","href":"https:\/\/api.w.org\/{rel}","templated":true}]}}